{"id":2093,"date":"2013-02-20T18:16:34","date_gmt":"2013-02-20T17:16:34","guid":{"rendered":"https:\/\/essasblog.wordpress.com\/?p=462"},"modified":"2017-02-21T20:16:56","modified_gmt":"2017-02-21T19:16:56","slug":"telegramme-du-20-fevrier-2013-gourin-170-jeunes-a-gourin","status":"publish","type":"post","link":"https:\/\/essas-du-volant.fr\/index.php\/2013\/02\/20\/telegramme-du-20-fevrier-2013-gourin-170-jeunes-a-gourin\/","title":{"rendered":"T\u00e9l\u00e9gramme du 20 f\u00e9vrier 2013 (Gourin) : 170 jeunes \u00e0 Gourin"},"content":{"rendered":"<p style=\"text-align:justify;\">Le club de badminton gourinois, dirig\u00e9 par Pascale H\u00e9naff, a accueilli, dimanche, 170 joueurs jeunes (benjamins, minimes, cadets), en lice dans un tournoi qui rassemblait des sportifs d&rsquo;une vingtaine de clubs de tout le d\u00e9partement (Lorient, les deux clubs de Vannes, Pontivy, Questembert, Saint-Av\u00e9, Lanester, etc\u2026). \u00ab Pour le bon d\u00e9roulement de la journ\u00e9e, nous disposions de trois structures, le gymnase municipal, la salle sous les tribunes du stade Emile-Le Gall et le gymnase de Jeanne d&rsquo;Arc \u00bb, a expliqu\u00e9 Pascal H\u00e9naff bien second\u00e9 par des b\u00e9n\u00e9voles du club local. Prochain tournoi des jeunes, dimanche 17 mars, \u00e0 Questembert.<\/p>\n","protected":false},"excerpt":{"rendered":"<p>Le club de badminton gourinois, dirig\u00e9 par Pascale H\u00e9naff, a accueilli, dimanche, 170 joueurs jeunes (benjamins, minimes, cadets), en lice dans un tournoi qui rassemblait des sportifs d&rsquo;une vingtaine de clubs de tout le d\u00e9partement (Lorient, les deux clubs de Vannes, Pontivy, Questembert, Saint-Av\u00e9, Lanester, etc\u2026). \u00ab Pour le bon d\u00e9roulement de la journ\u00e9e, nous disposions de trois structures, le gymnase municipal, la salle sous les tribunes du stade Emile-Le Gall et le gymnase de Jeanne d&rsquo;Arc \u00bb, a expliqu\u00e9&#8230;<\/p>\n<p class=\"read-more\"><a class=\"btn btn-default\" href=\"https:\/\/essas-du-volant.fr\/index.php\/2013\/02\/20\/telegramme-du-20-fevrier-2013-gourin-170-jeunes-a-gourin\/\"> Read More<span class=\"screen-reader-text\">  Read More<\/span><\/a><\/p>\n","protected":false},"author":3,"featured_media":0,"comment_status":"open","ping_status":"open","sticky":false,"template":"","format":"standard","meta":{"jetpack_post_was_ever_published":false,"_jetpack_newsletter_access":"","_jetpack_dont_email_post_to_subs":true,"_jetpack_newsletter_tier_id":0,"_jetpack_memberships_contains_paywalled_content":false,"_jetpack_memberships_contains_paid_content":false,"footnotes":"","jetpack_publicize_message":"","jetpack_publicize_feature_enabled":true,"jetpack_social_post_already_shared":false,"jetpack_social_options":{"image_generator_settings":{"template":"highway","default_image_id":0,"font":"","enabled":false},"version":2}},"categories":[12],"tags":[],"class_list":["post-2093","post","type-post","status-publish","format-standard","hentry","category-revue-de-presse"],"jetpack_publicize_connections":[],"jetpack_featured_media_url":"","jetpack_sharing_enabled":true,"jetpack_likes_enabled":true,"_links":{"self":[{"href":"https:\/\/essas-du-volant.fr\/index.php\/wp-json\/wp\/v2\/posts\/2093","targetHints":{"allow":["GET"]}}],"collection":[{"href":"https:\/\/essas-du-volant.fr\/index.php\/wp-json\/wp\/v2\/posts"}],"about":[{"href":"https:\/\/essas-du-volant.fr\/index.php\/wp-json\/wp\/v2\/types\/post"}],"author":[{"embeddable":true,"href":"https:\/\/essas-du-volant.fr\/index.php\/wp-json\/wp\/v2\/users\/3"}],"replies":[{"embeddable":true,"href":"https:\/\/essas-du-volant.fr\/index.php\/wp-json\/wp\/v2\/comments?post=2093"}],"version-history":[{"count":1,"href":"https:\/\/essas-du-volant.fr\/index.php\/wp-json\/wp\/v2\/posts\/2093\/revisions"}],"predecessor-version":[{"id":2834,"href":"https:\/\/essas-du-volant.fr\/index.php\/wp-json\/wp\/v2\/posts\/2093\/revisions\/2834"}],"wp:attachment":[{"href":"https:\/\/essas-du-volant.fr\/index.php\/wp-json\/wp\/v2\/media?parent=2093"}],"wp:term":[{"taxonomy":"category","embeddable":true,"href":"https:\/\/essas-du-volant.fr\/index.php\/wp-json\/wp\/v2\/categories?post=2093"},{"taxonomy":"post_tag","embeddable":true,"href":"https:\/\/essas-du-volant.fr\/index.php\/wp-json\/wp\/v2\/tags?post=2093"}],"curies":[{"name":"wp","href":"https:\/\/api.w.org\/{rel}","templated":true}]}}