{"id":2095,"date":"2013-06-06T18:24:41","date_gmt":"2013-06-06T17:24:41","guid":{"rendered":"https:\/\/essasblog.wordpress.com\/?p=468"},"modified":"2017-03-04T23:47:58","modified_gmt":"2017-03-04T22:47:58","slug":"ouest-france-du-06-juin-2013-les-joueurs-de-badminton-plus-nombreux","status":"publish","type":"post","link":"https:\/\/essas-du-volant.fr\/index.php\/2013\/06\/06\/ouest-france-du-06-juin-2013-les-joueurs-de-badminton-plus-nombreux\/","title":{"rendered":"Ouest-France du 06 juin 2013 : Les joueurs de badminton plus nombreux"},"content":{"rendered":"<p style=\"text-align: center;\"><img data-recalc-dims=\"1\" loading=\"lazy\" decoding=\"async\" class=\"size-full wp-image-467 aligncenter\" src=\"https:\/\/i0.wp.com\/essas-du-volant.fr\/wp-content\/uploads\/2017\/01\/ouestfrance201306061-1.jpg?resize=640%2C360&#038;ssl=1\" alt=\"ouestfrance20130606\" width=\"640\" height=\"360\" \/><em>L&rsquo;association a tenu son assembl\u00e9e g\u00e9n\u00e9rale lundi.<\/em><\/p>\n<p style=\"text-align: justify;\">Le nombre d&rsquo;adh\u00e9rents de l&rsquo;association de badminton Essa&rsquo;s a presque doubl\u00e9 en un an, passant de 55 \u00e0 99. C&rsquo;est ce que l&rsquo;association a annonc\u00e9 au cours de son assembl\u00e9e g\u00e9n\u00e9rale lundi. Essa&rsquo;s a cr\u00e9\u00e9 une \u00e9cole et s&rsquo;est affili\u00e9e \u00e0 la f\u00e9d\u00e9ration.<br \/>\nLe nouveau bureau : Michel Fleury, pr\u00e9sident. Catherine Faivre, secr\u00e9taire. Une commission technique a \u00e9t\u00e9 cr\u00e9\u00e9e avec Marc Faure et Marcel Gicquel. L&rsquo;association pr\u00e9pare son tournoi du samedi 29 juin.<\/p>\n","protected":false},"excerpt":{"rendered":"<p>L&rsquo;association a tenu son assembl\u00e9e g\u00e9n\u00e9rale lundi. Le nombre d&rsquo;adh\u00e9rents de l&rsquo;association de badminton Essa&rsquo;s a presque doubl\u00e9 en un an, passant de 55 \u00e0 99. C&rsquo;est ce que l&rsquo;association a annonc\u00e9 au cours de son assembl\u00e9e g\u00e9n\u00e9rale lundi. Essa&rsquo;s a cr\u00e9\u00e9 une \u00e9cole et s&rsquo;est affili\u00e9e \u00e0 la f\u00e9d\u00e9ration. Le nouveau bureau : Michel Fleury, pr\u00e9sident. Catherine Faivre, secr\u00e9taire. Une commission technique a \u00e9t\u00e9 cr\u00e9\u00e9e avec Marc Faure et Marcel Gicquel. L&rsquo;association pr\u00e9pare son tournoi du samedi 29 juin.<\/p>\n","protected":false},"author":3,"featured_media":215,"comment_status":"open","ping_status":"open","sticky":false,"template":"","format":"standard","meta":{"jetpack_post_was_ever_published":false,"_jetpack_newsletter_access":"","_jetpack_dont_email_post_to_subs":true,"_jetpack_newsletter_tier_id":0,"_jetpack_memberships_contains_paywalled_content":false,"_jetpack_memberships_contains_paid_content":false,"footnotes":"","jetpack_publicize_message":"","jetpack_publicize_feature_enabled":true,"jetpack_social_post_already_shared":false,"jetpack_social_options":{"image_generator_settings":{"template":"highway","default_image_id":0,"font":"","enabled":false},"version":2}},"categories":[12],"tags":[],"class_list":["post-2095","post","type-post","status-publish","format-standard","has-post-thumbnail","hentry","category-revue-de-presse"],"jetpack_publicize_connections":[],"jetpack_featured_media_url":"https:\/\/i0.wp.com\/essas-du-volant.fr\/wp-content\/uploads\/2017\/01\/ouestfrance20130606.jpg?fit=640%2C360&ssl=1","jetpack_sharing_enabled":true,"jetpack_likes_enabled":true,"_links":{"self":[{"href":"https:\/\/essas-du-volant.fr\/index.php\/wp-json\/wp\/v2\/posts\/2095","targetHints":{"allow":["GET"]}}],"collection":[{"href":"https:\/\/essas-du-volant.fr\/index.php\/wp-json\/wp\/v2\/posts"}],"about":[{"href":"https:\/\/essas-du-volant.fr\/index.php\/wp-json\/wp\/v2\/types\/post"}],"author":[{"embeddable":true,"href":"https:\/\/essas-du-volant.fr\/index.php\/wp-json\/wp\/v2\/users\/3"}],"replies":[{"embeddable":true,"href":"https:\/\/essas-du-volant.fr\/index.php\/wp-json\/wp\/v2\/comments?post=2095"}],"version-history":[{"count":3,"href":"https:\/\/essas-du-volant.fr\/index.php\/wp-json\/wp\/v2\/posts\/2095\/revisions"}],"predecessor-version":[{"id":2977,"href":"https:\/\/essas-du-volant.fr\/index.php\/wp-json\/wp\/v2\/posts\/2095\/revisions\/2977"}],"wp:featuredmedia":[{"embeddable":true,"href":"https:\/\/essas-du-volant.fr\/index.php\/wp-json\/wp\/v2\/media\/215"}],"wp:attachment":[{"href":"https:\/\/essas-du-volant.fr\/index.php\/wp-json\/wp\/v2\/media?parent=2095"}],"wp:term":[{"taxonomy":"category","embeddable":true,"href":"https:\/\/essas-du-volant.fr\/index.php\/wp-json\/wp\/v2\/categories?post=2095"},{"taxonomy":"post_tag","embeddable":true,"href":"https:\/\/essas-du-volant.fr\/index.php\/wp-json\/wp\/v2\/tags?post=2095"}],"curies":[{"name":"wp","href":"https:\/\/api.w.org\/{rel}","templated":true}]}}