{"id":2097,"date":"2013-07-05T18:28:44","date_gmt":"2013-07-05T17:28:44","guid":{"rendered":"https:\/\/essasblog.wordpress.com\/?p=476"},"modified":"2017-03-05T00:06:02","modified_gmt":"2017-03-04T23:06:02","slug":"telegramme-du-05-juillet-2013-un-tournoi-interne-tres-convivial","status":"publish","type":"post","link":"https:\/\/essas-du-volant.fr\/index.php\/2013\/07\/05\/telegramme-du-05-juillet-2013-un-tournoi-interne-tres-convivial\/","title":{"rendered":"T\u00e9l\u00e9gramme du 05 juillet 2013 : Un tournoi interne tr\u00e8s convivial"},"content":{"rendered":"<p><img data-recalc-dims=\"1\" loading=\"lazy\" decoding=\"async\" class=\"aligncenter wp-image-2981 size-full\" src=\"https:\/\/i0.wp.com\/essas-du-volant.fr\/wp-content\/uploads\/2013\/07\/telegramme20130705.jpg?resize=540%2C374&#038;ssl=1\" width=\"540\" height=\"374\" srcset=\"https:\/\/i0.wp.com\/essas-du-volant.fr\/wp-content\/uploads\/2013\/07\/telegramme20130705.jpg?w=540&amp;ssl=1 540w, https:\/\/i0.wp.com\/essas-du-volant.fr\/wp-content\/uploads\/2013\/07\/telegramme20130705.jpg?resize=300%2C208&amp;ssl=1 300w\" sizes=\"auto, (max-width: 540px) 100vw, 540px\" \/><\/p>\n<p style=\"text-align: justify;\">Le tournoi interne de l&rsquo;association de badminton L&rsquo;Essas du volant a r\u00e9uni dix \u00e9quipes h\u00e9t\u00e9roclites (tir\u00e9es au sort) vendredi dernier \u00e0 la salle Jo-Le Dr\u00e9vo. Elle s&rsquo;est d\u00e9roul\u00e9e dans la sportivit\u00e9, le respect et la convivialit\u00e9. Le tandem compos\u00e9 de Marc Faure et Marcel Gicquel remporte cette comp\u00e9tition amicale face \u00e0 Pauline Menin et Jeannick Gauvin. La consolante est remport\u00e9e par Fabien Quemard et Jean-Fran\u00e7ois Kamp face \u00e0 Titouan Anautica et Cathy Faivre. Apr\u00e8s l&rsquo;effort, pour terminer cette belle soir\u00e9e, les participants se sont retrouv\u00e9s autour d&rsquo;un barbecue.<\/p>\n","protected":false},"excerpt":{"rendered":"<p>Le tournoi interne de l&rsquo;association de badminton L&rsquo;Essas du volant a r\u00e9uni dix \u00e9quipes h\u00e9t\u00e9roclites (tir\u00e9es au sort) vendredi dernier \u00e0 la salle Jo-Le Dr\u00e9vo. Elle s&rsquo;est d\u00e9roul\u00e9e dans la sportivit\u00e9, le respect et la convivialit\u00e9. Le tandem compos\u00e9 de Marc Faure et Marcel Gicquel remporte cette comp\u00e9tition amicale face \u00e0 Pauline Menin et Jeannick Gauvin. La consolante est remport\u00e9e par Fabien Quemard et Jean-Fran\u00e7ois Kamp face \u00e0 Titouan Anautica et Cathy Faivre. Apr\u00e8s l&rsquo;effort, pour terminer cette belle soir\u00e9e,&#8230;<\/p>\n<p class=\"read-more\"><a class=\"btn btn-default\" href=\"https:\/\/essas-du-volant.fr\/index.php\/2013\/07\/05\/telegramme-du-05-juillet-2013-un-tournoi-interne-tres-convivial\/\"> Read More<span class=\"screen-reader-text\">  Read More<\/span><\/a><\/p>\n","protected":false},"author":3,"featured_media":2981,"comment_status":"open","ping_status":"open","sticky":false,"template":"","format":"standard","meta":{"jetpack_post_was_ever_published":false,"_jetpack_newsletter_access":"","_jetpack_dont_email_post_to_subs":true,"_jetpack_newsletter_tier_id":0,"_jetpack_memberships_contains_paywalled_content":false,"_jetpack_memberships_contains_paid_content":false,"footnotes":"","jetpack_publicize_message":"","jetpack_publicize_feature_enabled":true,"jetpack_social_post_already_shared":false,"jetpack_social_options":{"image_generator_settings":{"template":"highway","default_image_id":0,"font":"","enabled":false},"version":2}},"categories":[12],"tags":[],"class_list":["post-2097","post","type-post","status-publish","format-standard","has-post-thumbnail","hentry","category-revue-de-presse"],"jetpack_publicize_connections":[],"jetpack_featured_media_url":"https:\/\/i0.wp.com\/essas-du-volant.fr\/wp-content\/uploads\/2013\/07\/telegramme20130705.jpg?fit=540%2C374&ssl=1","jetpack_sharing_enabled":true,"jetpack_likes_enabled":true,"_links":{"self":[{"href":"https:\/\/essas-du-volant.fr\/index.php\/wp-json\/wp\/v2\/posts\/2097","targetHints":{"allow":["GET"]}}],"collection":[{"href":"https:\/\/essas-du-volant.fr\/index.php\/wp-json\/wp\/v2\/posts"}],"about":[{"href":"https:\/\/essas-du-volant.fr\/index.php\/wp-json\/wp\/v2\/types\/post"}],"author":[{"embeddable":true,"href":"https:\/\/essas-du-volant.fr\/index.php\/wp-json\/wp\/v2\/users\/3"}],"replies":[{"embeddable":true,"href":"https:\/\/essas-du-volant.fr\/index.php\/wp-json\/wp\/v2\/comments?post=2097"}],"version-history":[{"count":4,"href":"https:\/\/essas-du-volant.fr\/index.php\/wp-json\/wp\/v2\/posts\/2097\/revisions"}],"predecessor-version":[{"id":2982,"href":"https:\/\/essas-du-volant.fr\/index.php\/wp-json\/wp\/v2\/posts\/2097\/revisions\/2982"}],"wp:featuredmedia":[{"embeddable":true,"href":"https:\/\/essas-du-volant.fr\/index.php\/wp-json\/wp\/v2\/media\/2981"}],"wp:attachment":[{"href":"https:\/\/essas-du-volant.fr\/index.php\/wp-json\/wp\/v2\/media?parent=2097"}],"wp:term":[{"taxonomy":"category","embeddable":true,"href":"https:\/\/essas-du-volant.fr\/index.php\/wp-json\/wp\/v2\/categories?post=2097"},{"taxonomy":"post_tag","embeddable":true,"href":"https:\/\/essas-du-volant.fr\/index.php\/wp-json\/wp\/v2\/tags?post=2097"}],"curies":[{"name":"wp","href":"https:\/\/api.w.org\/{rel}","templated":true}]}}