{"id":2099,"date":"2013-10-09T18:31:23","date_gmt":"2013-10-09T17:31:23","guid":{"rendered":"https:\/\/essasblog.wordpress.com\/?p=481"},"modified":"2017-03-05T15:21:58","modified_gmt":"2017-03-05T14:21:58","slug":"telegramme-du-09-octobre-2013-reprise-en-force-pour-lessas-du-volant","status":"publish","type":"post","link":"https:\/\/essas-du-volant.fr\/index.php\/2013\/10\/09\/telegramme-du-09-octobre-2013-reprise-en-force-pour-lessas-du-volant\/","title":{"rendered":"T\u00e9l\u00e9gramme du 09 octobre 2013 : Reprise en force pour l&rsquo;Essa&rsquo;s du volant"},"content":{"rendered":"<p style=\"text-align: center;\"><em><img data-recalc-dims=\"1\" loading=\"lazy\" decoding=\"async\" class=\"aligncenter wp-image-266 size-full\" src=\"https:\/\/i0.wp.com\/essas-du-volant.fr\/wp-content\/uploads\/2017\/01\/telegramme20131009.jpg?resize=538%2C275&#038;ssl=1\" width=\"538\" height=\"275\" srcset=\"https:\/\/i0.wp.com\/essas-du-volant.fr\/wp-content\/uploads\/2017\/01\/telegramme20131009.jpg?w=538&amp;ssl=1 538w, https:\/\/i0.wp.com\/essas-du-volant.fr\/wp-content\/uploads\/2017\/01\/telegramme20131009.jpg?resize=300%2C153&amp;ssl=1 300w\" sizes=\"auto, (max-width: 538px) 100vw, 538px\" \/>La premi\u00e8re s\u00e9ance du lundi soir a rassembl\u00e9 de nombreux adh\u00e9rents.<\/em><\/p>\n<p style=\"text-align: justify;\">L&rsquo;Essa&rsquo;s du volant revient cette ann\u00e9e au filet avec un effectif en progression, un nouveau pr\u00e9sident, une nouvelle identit\u00e9 visuelle, un cr\u00e9neau suppl\u00e9mentaire le samedi et la volont\u00e9 de se lancer dans la comp\u00e9tition. La mise en place de l&rsquo;\u00e9cole de badminton l&rsquo;an dernier a permis de lancer plusieurs jeunes en comp\u00e9tition. L&rsquo;\u00e9cole, encadr\u00e9e par Michael, animateur de Sport 56, se retrouve le lundi de 18 h 30 \u00e0 20 h 30 mais aussi depuis le d\u00e9but de saison le samedi matin. Un entra\u00eenement est assur\u00e9 aux 9-11 ans. Les adultes disposent de deux cr\u00e9neaux : le lundi \u00e0 partir de 20 h 30 et le vendredi de 18 h \u00e0 20 h. Michel Fleury, le nouveau pr\u00e9sident, se f\u00e9licite du d\u00e9veloppement de l&rsquo;association &#8211; le club va d\u00e9passer les 100 adh\u00e9rents &#8211; l&rsquo;arriv\u00e9e de nombreuses nouvelles t\u00eates et le soutien de ses cadres, Cathy au secr\u00e9tariat, Fabienne \u00e0 la tr\u00e9sorerie mais aussi Marcel, l&rsquo;ancien pr\u00e9sident, Marc et Julie \u00e0 la commission technique et sportive.<br \/>\nAffili\u00e9 depuis l&rsquo;an dernier \u00e0 la FFBAD, le club envisage d&rsquo;organiser deux tournois internes (un avant No\u00ebl et l&rsquo;autre en fin de saison) ainsi qu&rsquo;un interclubs en seconde partie de saison. Les adultes pourraient faire leur entr\u00e9e en championnat par \u00e9quipe en 2014.<\/p>\n","protected":false},"excerpt":{"rendered":"<p>La premi\u00e8re s\u00e9ance du lundi soir a rassembl\u00e9 de nombreux adh\u00e9rents. L&rsquo;Essa&rsquo;s du volant revient cette ann\u00e9e au filet avec un effectif en progression, un nouveau pr\u00e9sident, une nouvelle identit\u00e9 visuelle, un cr\u00e9neau suppl\u00e9mentaire le samedi et la volont\u00e9 de se lancer dans la comp\u00e9tition. La mise en place de l&rsquo;\u00e9cole de badminton l&rsquo;an dernier a permis de lancer plusieurs jeunes en comp\u00e9tition. L&rsquo;\u00e9cole, encadr\u00e9e par Michael, animateur de Sport 56, se retrouve le lundi de 18 h 30 \u00e0&#8230;<\/p>\n<p class=\"read-more\"><a class=\"btn btn-default\" href=\"https:\/\/essas-du-volant.fr\/index.php\/2013\/10\/09\/telegramme-du-09-octobre-2013-reprise-en-force-pour-lessas-du-volant\/\"> Read More<span class=\"screen-reader-text\">  Read More<\/span><\/a><\/p>\n","protected":false},"author":3,"featured_media":266,"comment_status":"open","ping_status":"open","sticky":false,"template":"","format":"standard","meta":{"jetpack_post_was_ever_published":false,"_jetpack_newsletter_access":"","_jetpack_dont_email_post_to_subs":true,"_jetpack_newsletter_tier_id":0,"_jetpack_memberships_contains_paywalled_content":false,"_jetpack_memberships_contains_paid_content":false,"footnotes":"","jetpack_publicize_message":"","jetpack_publicize_feature_enabled":true,"jetpack_social_post_already_shared":false,"jetpack_social_options":{"image_generator_settings":{"template":"highway","default_image_id":0,"font":"","enabled":false},"version":2}},"categories":[12],"tags":[],"class_list":["post-2099","post","type-post","status-publish","format-standard","has-post-thumbnail","hentry","category-revue-de-presse"],"jetpack_publicize_connections":[],"jetpack_featured_media_url":"https:\/\/i0.wp.com\/essas-du-volant.fr\/wp-content\/uploads\/2017\/01\/telegramme20131009.jpg?fit=538%2C275&ssl=1","jetpack_sharing_enabled":true,"jetpack_likes_enabled":true,"_links":{"self":[{"href":"https:\/\/essas-du-volant.fr\/index.php\/wp-json\/wp\/v2\/posts\/2099","targetHints":{"allow":["GET"]}}],"collection":[{"href":"https:\/\/essas-du-volant.fr\/index.php\/wp-json\/wp\/v2\/posts"}],"about":[{"href":"https:\/\/essas-du-volant.fr\/index.php\/wp-json\/wp\/v2\/types\/post"}],"author":[{"embeddable":true,"href":"https:\/\/essas-du-volant.fr\/index.php\/wp-json\/wp\/v2\/users\/3"}],"replies":[{"embeddable":true,"href":"https:\/\/essas-du-volant.fr\/index.php\/wp-json\/wp\/v2\/comments?post=2099"}],"version-history":[{"count":3,"href":"https:\/\/essas-du-volant.fr\/index.php\/wp-json\/wp\/v2\/posts\/2099\/revisions"}],"predecessor-version":[{"id":2984,"href":"https:\/\/essas-du-volant.fr\/index.php\/wp-json\/wp\/v2\/posts\/2099\/revisions\/2984"}],"wp:featuredmedia":[{"embeddable":true,"href":"https:\/\/essas-du-volant.fr\/index.php\/wp-json\/wp\/v2\/media\/266"}],"wp:attachment":[{"href":"https:\/\/essas-du-volant.fr\/index.php\/wp-json\/wp\/v2\/media?parent=2099"}],"wp:term":[{"taxonomy":"category","embeddable":true,"href":"https:\/\/essas-du-volant.fr\/index.php\/wp-json\/wp\/v2\/categories?post=2099"},{"taxonomy":"post_tag","embeddable":true,"href":"https:\/\/essas-du-volant.fr\/index.php\/wp-json\/wp\/v2\/tags?post=2099"}],"curies":[{"name":"wp","href":"https:\/\/api.w.org\/{rel}","templated":true}]}}