{"id":2101,"date":"2013-11-10T18:33:17","date_gmt":"2013-11-10T17:33:17","guid":{"rendered":"https:\/\/essasblog.wordpress.com\/?p=484"},"modified":"2017-03-05T15:24:10","modified_gmt":"2017-03-05T14:24:10","slug":"ouest-france-du-10-novembre-2013-saint-nolff-decouverte-du-badminton-pour-les-plus-jeunes","status":"publish","type":"post","link":"https:\/\/essas-du-volant.fr\/index.php\/2013\/11\/10\/ouest-france-du-10-novembre-2013-saint-nolff-decouverte-du-badminton-pour-les-plus-jeunes\/","title":{"rendered":"Ouest-France du 10 novembre 2013 (Saint-Nolff) : D\u00e9couverte du badminton pour les plus jeunes"},"content":{"rendered":"<p style=\"text-align: center;\"><img data-recalc-dims=\"1\" loading=\"lazy\" decoding=\"async\" class=\"aligncenter wp-image-217 size-full\" src=\"https:\/\/i0.wp.com\/essas-du-volant.fr\/wp-content\/uploads\/2017\/01\/ouestfrance20131110.jpg?resize=640%2C360&#038;ssl=1\" width=\"640\" height=\"360\" srcset=\"https:\/\/i0.wp.com\/essas-du-volant.fr\/wp-content\/uploads\/2017\/01\/ouestfrance20131110.jpg?w=640&amp;ssl=1 640w, https:\/\/i0.wp.com\/essas-du-volant.fr\/wp-content\/uploads\/2017\/01\/ouestfrance20131110.jpg?resize=300%2C169&amp;ssl=1 300w\" sizes=\"auto, (max-width: 640px) 100vw, 640px\" \/><em>La section badminton des Ajoncs d&rsquo;or mise sur son \u00e9cole pour d\u00e9velopper la d\u00e9couverte de cette discipline.<\/em><\/p>\n<p style=\"text-align: justify;\">Une trentaine d&rsquo;enfants de 5 \u00e0 9 ans de Saint-Nolff, Elven, Saint-Av\u00e9 et Vannes ont r\u00e9pondu pr\u00e9sent \u00e0 la matin\u00e9e de d\u00e9couverte du badminton, les plateaux \u00ab minibad \u00bb.<br \/>\nIls sont organis\u00e9s trois fois par an par la section badminton de l&rsquo;association des Ajoncs d&rsquo;or, sous l&rsquo;\u00e9gide du comit\u00e9 d\u00e9partemental : \u00ab Notre club compte une \u00e9cole fran\u00e7aise de badminton labellis\u00e9e depuis 2006 et vient d&rsquo;obtenir une troisi\u00e8me \u00e9toile sur un maximum de cinq au niveau national. Nous comptons \u00e9galement des b\u00e9n\u00e9voles titulaires de dipl\u00f4mes f\u00e9d\u00e9raux et c&rsquo;est \u00e0 ce titre que nous pouvons accueillir ces dispositifs mis en place par la f\u00e9d\u00e9ration \u00bb, soulignait Dominique Kiry, pr\u00e9sident de la section badminton, qui compte cette saison une centaine d&rsquo;adh\u00e9rents, dont la moiti\u00e9 a moins de quinze ans.<br \/>\nDes jeunes qui seront une nouvelle fois \u00e0 l&rsquo;honneur, car la section accueillera, dimanche 24 novembre, le troph\u00e9e r\u00e9gional jeunes, soit les 120 meilleurs joueurs de toute la Bretagne, \u00e2g\u00e9s de 9 \u00e0 16 ans. \u00ab Il s&rsquo;agit d&rsquo;un v\u00e9ritable tremplin pour nos futurs champions, qui peuvent ainsi acc\u00e9der aux comp\u00e9titions nationales, et nous comptons beaucoup sur notre jeune espoir du club, Noah Langlais \u00bb, pr\u00e9cisait Dominique Kiry.<\/p>\n","protected":false},"excerpt":{"rendered":"<p>La section badminton des Ajoncs d&rsquo;or mise sur son \u00e9cole pour d\u00e9velopper la d\u00e9couverte de cette discipline. Une trentaine d&rsquo;enfants de 5 \u00e0 9 ans de Saint-Nolff, Elven, Saint-Av\u00e9 et Vannes ont r\u00e9pondu pr\u00e9sent \u00e0 la matin\u00e9e de d\u00e9couverte du badminton, les plateaux \u00ab minibad \u00bb. Ils sont organis\u00e9s trois fois par an par la section badminton de l&rsquo;association des Ajoncs d&rsquo;or, sous l&rsquo;\u00e9gide du comit\u00e9 d\u00e9partemental : \u00ab Notre club compte une \u00e9cole fran\u00e7aise de badminton labellis\u00e9e depuis 2006&#8230;<\/p>\n<p class=\"read-more\"><a class=\"btn btn-default\" href=\"https:\/\/essas-du-volant.fr\/index.php\/2013\/11\/10\/ouest-france-du-10-novembre-2013-saint-nolff-decouverte-du-badminton-pour-les-plus-jeunes\/\"> Read More<span class=\"screen-reader-text\">  Read More<\/span><\/a><\/p>\n","protected":false},"author":3,"featured_media":217,"comment_status":"open","ping_status":"open","sticky":false,"template":"","format":"standard","meta":{"jetpack_post_was_ever_published":false,"_jetpack_newsletter_access":"","_jetpack_dont_email_post_to_subs":true,"_jetpack_newsletter_tier_id":0,"_jetpack_memberships_contains_paywalled_content":false,"_jetpack_memberships_contains_paid_content":false,"footnotes":"","jetpack_publicize_message":"","jetpack_publicize_feature_enabled":true,"jetpack_social_post_already_shared":false,"jetpack_social_options":{"image_generator_settings":{"template":"highway","default_image_id":0,"font":"","enabled":false},"version":2}},"categories":[12],"tags":[],"class_list":["post-2101","post","type-post","status-publish","format-standard","has-post-thumbnail","hentry","category-revue-de-presse"],"jetpack_publicize_connections":[],"jetpack_featured_media_url":"https:\/\/i0.wp.com\/essas-du-volant.fr\/wp-content\/uploads\/2017\/01\/ouestfrance20131110.jpg?fit=640%2C360&ssl=1","jetpack_sharing_enabled":true,"jetpack_likes_enabled":true,"_links":{"self":[{"href":"https:\/\/essas-du-volant.fr\/index.php\/wp-json\/wp\/v2\/posts\/2101","targetHints":{"allow":["GET"]}}],"collection":[{"href":"https:\/\/essas-du-volant.fr\/index.php\/wp-json\/wp\/v2\/posts"}],"about":[{"href":"https:\/\/essas-du-volant.fr\/index.php\/wp-json\/wp\/v2\/types\/post"}],"author":[{"embeddable":true,"href":"https:\/\/essas-du-volant.fr\/index.php\/wp-json\/wp\/v2\/users\/3"}],"replies":[{"embeddable":true,"href":"https:\/\/essas-du-volant.fr\/index.php\/wp-json\/wp\/v2\/comments?post=2101"}],"version-history":[{"count":3,"href":"https:\/\/essas-du-volant.fr\/index.php\/wp-json\/wp\/v2\/posts\/2101\/revisions"}],"predecessor-version":[{"id":2986,"href":"https:\/\/essas-du-volant.fr\/index.php\/wp-json\/wp\/v2\/posts\/2101\/revisions\/2986"}],"wp:featuredmedia":[{"embeddable":true,"href":"https:\/\/essas-du-volant.fr\/index.php\/wp-json\/wp\/v2\/media\/217"}],"wp:attachment":[{"href":"https:\/\/essas-du-volant.fr\/index.php\/wp-json\/wp\/v2\/media?parent=2101"}],"wp:term":[{"taxonomy":"category","embeddable":true,"href":"https:\/\/essas-du-volant.fr\/index.php\/wp-json\/wp\/v2\/categories?post=2101"},{"taxonomy":"post_tag","embeddable":true,"href":"https:\/\/essas-du-volant.fr\/index.php\/wp-json\/wp\/v2\/tags?post=2101"}],"curies":[{"name":"wp","href":"https:\/\/api.w.org\/{rel}","templated":true}]}}