{"id":2130,"date":"2014-07-04T18:49:07","date_gmt":"2014-07-04T17:49:07","guid":{"rendered":"https:\/\/essasblog.wordpress.com\/?p=513"},"modified":"2017-03-05T15:37:16","modified_gmt":"2017-03-05T14:37:16","slug":"telegramme-du-04-juillet-2014-reprise-le-8-septembre","status":"publish","type":"post","link":"https:\/\/essas-du-volant.fr\/index.php\/2014\/07\/04\/telegramme-du-04-juillet-2014-reprise-le-8-septembre\/","title":{"rendered":"T\u00e9l\u00e9gramme du 04 juillet 2014 : Reprise le 8 septembre"},"content":{"rendered":"<p><img data-recalc-dims=\"1\" loading=\"lazy\" decoding=\"async\" class=\"aligncenter wp-image-274 size-full\" src=\"https:\/\/i0.wp.com\/essas-du-volant.fr\/wp-content\/uploads\/2017\/01\/telegramme20140704.jpg?resize=640%2C361&#038;ssl=1\" width=\"640\" height=\"361\" srcset=\"https:\/\/i0.wp.com\/essas-du-volant.fr\/wp-content\/uploads\/2017\/01\/telegramme20140704.jpg?w=660&amp;ssl=1 660w, https:\/\/i0.wp.com\/essas-du-volant.fr\/wp-content\/uploads\/2017\/01\/telegramme20140704.jpg?resize=300%2C169&amp;ssl=1 300w\" sizes=\"auto, (max-width: 640px) 100vw, 640px\" \/><\/p>\n<p style=\"text-align: justify;\">L&rsquo;assembl\u00e9e g\u00e9n\u00e9rale de l&rsquo;Essa&rsquo;s du volant, le club de badminton, a r\u00e9uni, le 27 juin, \u00e0 l&rsquo;auditorium du D\u00f4me, plus de 40 membres de l&rsquo;association ainsi que Didier Maurice, conseiller municipal, Dominique Kiry de la FFBad, V\u00e9ronique du Basar, et Thibault. La r\u00e9union a \u00e9t\u00e9 suivie d&rsquo;un barbecue, d&rsquo;une remise de cadeaux et plumes et d&rsquo;une r\u00e9trospective en images de l&rsquo;ann\u00e9e \u00e9coul\u00e9e. La reprise est fix\u00e9e au lundi 8 septembre.<\/p>\n","protected":false},"excerpt":{"rendered":"<p>L&rsquo;assembl\u00e9e g\u00e9n\u00e9rale de l&rsquo;Essa&rsquo;s du volant, le club de badminton, a r\u00e9uni, le 27 juin, \u00e0 l&rsquo;auditorium du D\u00f4me, plus de 40 membres de l&rsquo;association ainsi que Didier Maurice, conseiller municipal, Dominique Kiry de la FFBad, V\u00e9ronique du Basar, et Thibault. La r\u00e9union a \u00e9t\u00e9 suivie d&rsquo;un barbecue, d&rsquo;une remise de cadeaux et plumes et d&rsquo;une r\u00e9trospective en images de l&rsquo;ann\u00e9e \u00e9coul\u00e9e. La reprise est fix\u00e9e au lundi 8 septembre.<\/p>\n","protected":false},"author":3,"featured_media":274,"comment_status":"open","ping_status":"open","sticky":false,"template":"","format":"standard","meta":{"jetpack_post_was_ever_published":false,"_jetpack_newsletter_access":"","_jetpack_dont_email_post_to_subs":true,"_jetpack_newsletter_tier_id":0,"_jetpack_memberships_contains_paywalled_content":false,"_jetpack_memberships_contains_paid_content":false,"footnotes":"","jetpack_publicize_message":"","jetpack_publicize_feature_enabled":true,"jetpack_social_post_already_shared":false,"jetpack_social_options":{"image_generator_settings":{"template":"highway","default_image_id":0,"font":"","enabled":false},"version":2}},"categories":[12],"tags":[],"class_list":["post-2130","post","type-post","status-publish","format-standard","has-post-thumbnail","hentry","category-revue-de-presse"],"jetpack_publicize_connections":[],"jetpack_featured_media_url":"https:\/\/i0.wp.com\/essas-du-volant.fr\/wp-content\/uploads\/2017\/01\/telegramme20140704.jpg?fit=660%2C372&ssl=1","jetpack_sharing_enabled":true,"jetpack_likes_enabled":true,"_links":{"self":[{"href":"https:\/\/essas-du-volant.fr\/index.php\/wp-json\/wp\/v2\/posts\/2130","targetHints":{"allow":["GET"]}}],"collection":[{"href":"https:\/\/essas-du-volant.fr\/index.php\/wp-json\/wp\/v2\/posts"}],"about":[{"href":"https:\/\/essas-du-volant.fr\/index.php\/wp-json\/wp\/v2\/types\/post"}],"author":[{"embeddable":true,"href":"https:\/\/essas-du-volant.fr\/index.php\/wp-json\/wp\/v2\/users\/3"}],"replies":[{"embeddable":true,"href":"https:\/\/essas-du-volant.fr\/index.php\/wp-json\/wp\/v2\/comments?post=2130"}],"version-history":[{"count":2,"href":"https:\/\/essas-du-volant.fr\/index.php\/wp-json\/wp\/v2\/posts\/2130\/revisions"}],"predecessor-version":[{"id":2998,"href":"https:\/\/essas-du-volant.fr\/index.php\/wp-json\/wp\/v2\/posts\/2130\/revisions\/2998"}],"wp:featuredmedia":[{"embeddable":true,"href":"https:\/\/essas-du-volant.fr\/index.php\/wp-json\/wp\/v2\/media\/274"}],"wp:attachment":[{"href":"https:\/\/essas-du-volant.fr\/index.php\/wp-json\/wp\/v2\/media?parent=2130"}],"wp:term":[{"taxonomy":"category","embeddable":true,"href":"https:\/\/essas-du-volant.fr\/index.php\/wp-json\/wp\/v2\/categories?post=2130"},{"taxonomy":"post_tag","embeddable":true,"href":"https:\/\/essas-du-volant.fr\/index.php\/wp-json\/wp\/v2\/tags?post=2130"}],"curies":[{"name":"wp","href":"https:\/\/api.w.org\/{rel}","templated":true}]}}