{"id":2158,"date":"2013-11-09T21:41:37","date_gmt":"2013-11-09T20:41:37","guid":{"rendered":"https:\/\/essasblog.wordpress.com\/?p=1320"},"modified":"2017-03-07T19:40:26","modified_gmt":"2017-03-07T18:40:26","slug":"minibad-du-09-novembre-2013-a-saint-nolff","status":"publish","type":"post","link":"https:\/\/essas-du-volant.fr\/index.php\/2013\/11\/09\/minibad-du-09-novembre-2013-a-saint-nolff\/","title":{"rendered":"Minibad du 09 novembre 2013 \u00e0 Saint-Nolff"},"content":{"rendered":"<p><img data-recalc-dims=\"1\" loading=\"lazy\" decoding=\"async\" class=\"aligncenter wp-image-1246 size-large\" src=\"https:\/\/i0.wp.com\/essas-du-volant.fr\/wp-content\/uploads\/2017\/01\/tournoij20131109_saintnolff_minibad.jpg?resize=640%2C289&#038;ssl=1\" alt=\" tournoij20131109_saintnolff_minibad\" width=\"640\" height=\"289\" srcset=\"https:\/\/i0.wp.com\/essas-du-volant.fr\/wp-content\/uploads\/2017\/01\/tournoij20131109_saintnolff_minibad.jpg?resize=1024%2C462&amp;ssl=1 1024w, https:\/\/i0.wp.com\/essas-du-volant.fr\/wp-content\/uploads\/2017\/01\/tournoij20131109_saintnolff_minibad.jpg?resize=300%2C135&amp;ssl=1 300w, https:\/\/i0.wp.com\/essas-du-volant.fr\/wp-content\/uploads\/2017\/01\/tournoij20131109_saintnolff_minibad.jpg?resize=768%2C346&amp;ssl=1 768w, https:\/\/i0.wp.com\/essas-du-volant.fr\/wp-content\/uploads\/2017\/01\/tournoij20131109_saintnolff_minibad.jpg?w=1319&amp;ssl=1 1319w\" sizes=\"auto, (max-width: 640px) 100vw, 640px\" \/><\/p>\n<p style=\"text-align: justify;\">Valentin \u00e9tait pr\u00e9sent au premier plateau minibad de la saison 2013-2014. Les photos de Fran\u00e7oise (ASPTT Vannes) <a href=\"https:\/\/picasaweb.google.com\/107013422807803171555\/PLATEAUMINIBADASAINTNOLFFLE091113?authuser=0&amp;feat=directlink\" target=\"_blank\">ICI<\/a> .<br \/>\nUn article d\u00e9taill\u00e9 dans le Badinfo56 n\u00b06 en page 3.<br \/>\nEt un article du Ouest-France du 10 novembre 2013 <a href=\"https:\/\/essas-du-volant.fr\/index.php\/2013\/11\/10\/ouest-france-du-10-novembre-2013-saint-nolff-decouverte-du-badminton-pour-les-plus-jeunes\/\">ICI<\/a>.<\/p>\n","protected":false},"excerpt":{"rendered":"<p>Valentin \u00e9tait pr\u00e9sent au premier plateau minibad de la saison 2013-2014. Les photos de Fran\u00e7oise (ASPTT Vannes) ICI . Un article d\u00e9taill\u00e9 dans le Badinfo56 n\u00b06 en page 3. Et un article du Ouest-France du 10 novembre 2013 ICI.<\/p>\n","protected":false},"author":3,"featured_media":1246,"comment_status":"open","ping_status":"open","sticky":false,"template":"","format":"standard","meta":{"jetpack_post_was_ever_published":false,"_jetpack_newsletter_access":"","_jetpack_dont_email_post_to_subs":true,"_jetpack_newsletter_tier_id":0,"_jetpack_memberships_contains_paywalled_content":false,"_jetpack_memberships_contains_paid_content":false,"footnotes":"","jetpack_publicize_message":"","jetpack_publicize_feature_enabled":true,"jetpack_social_post_already_shared":false,"jetpack_social_options":{"image_generator_settings":{"template":"highway","default_image_id":0,"font":"","enabled":false},"version":2}},"categories":[6,9],"tags":[],"class_list":["post-2158","post","type-post","status-publish","format-standard","has-post-thumbnail","hentry","category-jeunes","category-minibad"],"jetpack_publicize_connections":[],"jetpack_featured_media_url":"https:\/\/i0.wp.com\/essas-du-volant.fr\/wp-content\/uploads\/2017\/01\/tournoij20131109_saintnolff_minibad.jpg?fit=1319%2C595&ssl=1","jetpack_sharing_enabled":true,"jetpack_likes_enabled":true,"_links":{"self":[{"href":"https:\/\/essas-du-volant.fr\/index.php\/wp-json\/wp\/v2\/posts\/2158","targetHints":{"allow":["GET"]}}],"collection":[{"href":"https:\/\/essas-du-volant.fr\/index.php\/wp-json\/wp\/v2\/posts"}],"about":[{"href":"https:\/\/essas-du-volant.fr\/index.php\/wp-json\/wp\/v2\/types\/post"}],"author":[{"embeddable":true,"href":"https:\/\/essas-du-volant.fr\/index.php\/wp-json\/wp\/v2\/users\/3"}],"replies":[{"embeddable":true,"href":"https:\/\/essas-du-volant.fr\/index.php\/wp-json\/wp\/v2\/comments?post=2158"}],"version-history":[{"count":3,"href":"https:\/\/essas-du-volant.fr\/index.php\/wp-json\/wp\/v2\/posts\/2158\/revisions"}],"predecessor-version":[{"id":3404,"href":"https:\/\/essas-du-volant.fr\/index.php\/wp-json\/wp\/v2\/posts\/2158\/revisions\/3404"}],"wp:featuredmedia":[{"embeddable":true,"href":"https:\/\/essas-du-volant.fr\/index.php\/wp-json\/wp\/v2\/media\/1246"}],"wp:attachment":[{"href":"https:\/\/essas-du-volant.fr\/index.php\/wp-json\/wp\/v2\/media?parent=2158"}],"wp:term":[{"taxonomy":"category","embeddable":true,"href":"https:\/\/essas-du-volant.fr\/index.php\/wp-json\/wp\/v2\/categories?post=2158"},{"taxonomy":"post_tag","embeddable":true,"href":"https:\/\/essas-du-volant.fr\/index.php\/wp-json\/wp\/v2\/tags?post=2158"}],"curies":[{"name":"wp","href":"https:\/\/api.w.org\/{rel}","templated":true}]}}