{"id":2185,"date":"2014-11-15T16:10:49","date_gmt":"2014-11-15T15:10:49","guid":{"rendered":"https:\/\/essasblog.wordpress.com\/?p=1389"},"modified":"2017-03-08T00:23:03","modified_gmt":"2017-03-07T23:23:03","slug":"minibad-du-15-novembre-2014-a-saint-nolff-2","status":"publish","type":"post","link":"https:\/\/essas-du-volant.fr\/index.php\/2014\/11\/15\/minibad-du-15-novembre-2014-a-saint-nolff-2\/","title":{"rendered":"Minibad du 15 novembre 2014 \u00e0 Saint-Nolff"},"content":{"rendered":"<p><img data-recalc-dims=\"1\" loading=\"lazy\" decoding=\"async\" class=\"aligncenter wp-image-1280 size-large\" src=\"https:\/\/i0.wp.com\/essas-du-volant.fr\/wp-content\/uploads\/2017\/01\/tournoij20141115_saintnolff_minibad.jpg?resize=640%2C256&#038;ssl=1\" alt=\" tournoij20141115_saintnolff_minibad\" width=\"640\" height=\"256\" srcset=\"https:\/\/i0.wp.com\/essas-du-volant.fr\/wp-content\/uploads\/2017\/01\/tournoij20141115_saintnolff_minibad.jpg?resize=1024%2C410&amp;ssl=1 1024w, https:\/\/i0.wp.com\/essas-du-volant.fr\/wp-content\/uploads\/2017\/01\/tournoij20141115_saintnolff_minibad.jpg?resize=300%2C120&amp;ssl=1 300w, https:\/\/i0.wp.com\/essas-du-volant.fr\/wp-content\/uploads\/2017\/01\/tournoij20141115_saintnolff_minibad.jpg?resize=768%2C307&amp;ssl=1 768w, https:\/\/i0.wp.com\/essas-du-volant.fr\/wp-content\/uploads\/2017\/01\/tournoij20141115_saintnolff_minibad.jpg?w=1280&amp;ssl=1 1280w\" sizes=\"auto, (max-width: 640px) 100vw, 640px\" \/><\/p>\n<p style=\"text-align: justify;\">Premier plateau minibad de la saison 2014-2015 pour Jules, Baptiste, L\u00e9opold, Corentin et C\u00e9lian. \u00c9chauffement, ateliers, matchs et jeux \u00e9taient au programme avant un retour au calme pour les \u00e9tirements et le go\u00fbter. Article d\u00e9taill\u00e9 dans le Badinfo56 n\u00b09 en page 4. Et des photos (Fran\u00e7oise, ASPTT Vannes) <a href=\"https:\/\/plus.google.com\/photos\/107013422807803171555\/albums\/6082397189943208305\">ICI<\/a>.<\/p>\n","protected":false},"excerpt":{"rendered":"<p>Premier plateau minibad de la saison 2014-2015 pour Jules, Baptiste, L\u00e9opold, Corentin et C\u00e9lian. \u00c9chauffement, ateliers, matchs et jeux \u00e9taient au programme avant un retour au calme pour les \u00e9tirements et le go\u00fbter. Article d\u00e9taill\u00e9 dans le Badinfo56 n\u00b09 en page 4. Et des photos (Fran\u00e7oise, ASPTT Vannes) ICI.<\/p>\n","protected":false},"author":3,"featured_media":1280,"comment_status":"open","ping_status":"open","sticky":false,"template":"","format":"standard","meta":{"jetpack_post_was_ever_published":false,"_jetpack_newsletter_access":"","_jetpack_dont_email_post_to_subs":true,"_jetpack_newsletter_tier_id":0,"_jetpack_memberships_contains_paywalled_content":false,"_jetpack_memberships_contains_paid_content":false,"footnotes":"","jetpack_publicize_message":"","jetpack_publicize_feature_enabled":true,"jetpack_social_post_already_shared":false,"jetpack_social_options":{"image_generator_settings":{"template":"highway","default_image_id":0,"font":"","enabled":false},"version":2}},"categories":[6,9],"tags":[],"class_list":["post-2185","post","type-post","status-publish","format-standard","has-post-thumbnail","hentry","category-jeunes","category-minibad"],"jetpack_publicize_connections":[],"jetpack_featured_media_url":"https:\/\/i0.wp.com\/essas-du-volant.fr\/wp-content\/uploads\/2017\/01\/tournoij20141115_saintnolff_minibad.jpg?fit=1280%2C512&ssl=1","jetpack_sharing_enabled":true,"jetpack_likes_enabled":true,"_links":{"self":[{"href":"https:\/\/essas-du-volant.fr\/index.php\/wp-json\/wp\/v2\/posts\/2185","targetHints":{"allow":["GET"]}}],"collection":[{"href":"https:\/\/essas-du-volant.fr\/index.php\/wp-json\/wp\/v2\/posts"}],"about":[{"href":"https:\/\/essas-du-volant.fr\/index.php\/wp-json\/wp\/v2\/types\/post"}],"author":[{"embeddable":true,"href":"https:\/\/essas-du-volant.fr\/index.php\/wp-json\/wp\/v2\/users\/3"}],"replies":[{"embeddable":true,"href":"https:\/\/essas-du-volant.fr\/index.php\/wp-json\/wp\/v2\/comments?post=2185"}],"version-history":[{"count":2,"href":"https:\/\/essas-du-volant.fr\/index.php\/wp-json\/wp\/v2\/posts\/2185\/revisions"}],"predecessor-version":[{"id":3432,"href":"https:\/\/essas-du-volant.fr\/index.php\/wp-json\/wp\/v2\/posts\/2185\/revisions\/3432"}],"wp:featuredmedia":[{"embeddable":true,"href":"https:\/\/essas-du-volant.fr\/index.php\/wp-json\/wp\/v2\/media\/1280"}],"wp:attachment":[{"href":"https:\/\/essas-du-volant.fr\/index.php\/wp-json\/wp\/v2\/media?parent=2185"}],"wp:term":[{"taxonomy":"category","embeddable":true,"href":"https:\/\/essas-du-volant.fr\/index.php\/wp-json\/wp\/v2\/categories?post=2185"},{"taxonomy":"post_tag","embeddable":true,"href":"https:\/\/essas-du-volant.fr\/index.php\/wp-json\/wp\/v2\/tags?post=2185"}],"curies":[{"name":"wp","href":"https:\/\/api.w.org\/{rel}","templated":true}]}}