{"id":2357,"date":"2017-01-25T15:28:58","date_gmt":"2017-01-25T14:28:58","guid":{"rendered":"https:\/\/essasblog.wordpress.com\/?p=364"},"modified":"2017-03-05T22:09:55","modified_gmt":"2017-03-05T21:09:55","slug":"telegramme-du-25-janvier-2017-un-ptit-volant-bien-charge","status":"publish","type":"post","link":"https:\/\/essas-du-volant.fr\/index.php\/2017\/01\/25\/telegramme-du-25-janvier-2017-un-ptit-volant-bien-charge\/","title":{"rendered":"T\u00e9l\u00e9gramme du 25 janvier 2017 : Un p&rsquo;tit volant bien charg\u00e9"},"content":{"rendered":"<p style=\"text-align: center;\"><img data-recalc-dims=\"1\" loading=\"lazy\" decoding=\"async\" class=\"aligncenter wp-image-522 size-full\" src=\"https:\/\/i0.wp.com\/essas-du-volant.fr\/wp-content\/uploads\/2017\/01\/telegramme20170125.jpg?resize=640%2C313&#038;ssl=1\" alt=\" telegramme20170125\" width=\"640\" height=\"313\" srcset=\"https:\/\/i0.wp.com\/essas-du-volant.fr\/wp-content\/uploads\/2017\/01\/telegramme20170125.jpg?w=999&amp;ssl=1 999w, https:\/\/i0.wp.com\/essas-du-volant.fr\/wp-content\/uploads\/2017\/01\/telegramme20170125.jpg?resize=300%2C147&amp;ssl=1 300w, https:\/\/i0.wp.com\/essas-du-volant.fr\/wp-content\/uploads\/2017\/01\/telegramme20170125.jpg?resize=768%2C375&amp;ssl=1 768w\" sizes=\"auto, (max-width: 640px) 100vw, 640px\" \/><em>L&rsquo;\u00e9quipe av\u00e9enne a fait sensation sous les filets theixois.<\/em><\/p>\n<p style=\"text-align: justify;\">Le club de badminton de Saint-Av\u00e9 conna\u00eet une actualit\u00e9 tr\u00e8s charg\u00e9e cette semaine&#8230; Jeudi, la D4 a rencontr\u00e9 celle de Theix-Noyalo, dans un festival de d\u00e9guisement Cro-Magnon. Ils remportent la rencontre cinq matches \u00e0 trois. Dimanche, la s\u00e9lection du Morbihan, dont Jeanne fait partie en cat\u00e9gorie benjamine, a termin\u00e9 deuxi\u00e8me aux intercomit\u00e9s qui se sont d\u00e9roul\u00e9s \u00e0 Poitiers. Elle est qualifi\u00e9e pour les barrages excellence.<\/p>\n<h4 class=\"Hinter_titre\" style=\"text-align: justify;\">Les filles en force \u00e0 Theix-Noyalo<\/h4>\n<p style=\"text-align: justify;\">Ce week-end, seize comp\u00e9titeurs ont d\u00e9fendu les couleurs du club lors du troisi\u00e8me \u00ab Tout Theix Bad \u00bb, \u00e0 Theix-Noyalo. La comp\u00e9tition s&rsquo;est sold\u00e9e par de nombreux podiums pour les Av\u00e9ens, essentiellement f\u00e9minins : Sandrine et Julien (VMC29) gagnent le tableau mixte s\u00e9rie 2 ; H\u00e9l\u00e8ne et Aurore (ABE) finissent premi\u00e8res en doubles dames s\u00e9rie 4 ; Val\u00e9rie et Anna prennent la troisi\u00e8me place en s\u00e9rie 3 ; Candice et Amandine (MB) montent sur la plus haute marche du podium tandis qu&rsquo;Alexandra et Sandrine accrochent la troisi\u00e8me place en s\u00e9rie 2. Enfin, le club a remport\u00e9 le prix tr\u00e8s convoit\u00e9 du plus grand nombre de f\u00e9minines engag\u00e9es sur le tournoi.<\/p>\n","protected":false},"excerpt":{"rendered":"<p>L&rsquo;\u00e9quipe av\u00e9enne a fait sensation sous les filets theixois. Le club de badminton de Saint-Av\u00e9 conna\u00eet une actualit\u00e9 tr\u00e8s charg\u00e9e cette semaine&#8230; Jeudi, la D4 a rencontr\u00e9 celle de Theix-Noyalo, dans un festival de d\u00e9guisement Cro-Magnon. Ils remportent la rencontre cinq matches \u00e0 trois. Dimanche, la s\u00e9lection du Morbihan, dont Jeanne fait partie en cat\u00e9gorie benjamine, a termin\u00e9 deuxi\u00e8me aux intercomit\u00e9s qui se sont d\u00e9roul\u00e9s \u00e0 Poitiers. Elle est qualifi\u00e9e pour les barrages excellence. Les filles en force \u00e0 Theix-Noyalo&#8230;<\/p>\n<p class=\"read-more\"><a class=\"btn btn-default\" href=\"https:\/\/essas-du-volant.fr\/index.php\/2017\/01\/25\/telegramme-du-25-janvier-2017-un-ptit-volant-bien-charge\/\"> Read More<span class=\"screen-reader-text\">  Read More<\/span><\/a><\/p>\n","protected":false},"author":3,"featured_media":522,"comment_status":"open","ping_status":"open","sticky":false,"template":"","format":"standard","meta":{"jetpack_post_was_ever_published":false,"_jetpack_newsletter_access":"","_jetpack_dont_email_post_to_subs":true,"_jetpack_newsletter_tier_id":0,"_jetpack_memberships_contains_paywalled_content":false,"_jetpack_memberships_contains_paid_content":false,"footnotes":"","jetpack_publicize_message":"","jetpack_publicize_feature_enabled":true,"jetpack_social_post_already_shared":false,"jetpack_social_options":{"image_generator_settings":{"template":"highway","default_image_id":0,"font":"","enabled":false},"version":2}},"categories":[12],"tags":[],"class_list":["post-2357","post","type-post","status-publish","format-standard","has-post-thumbnail","hentry","category-revue-de-presse"],"jetpack_publicize_connections":[],"jetpack_featured_media_url":"https:\/\/i0.wp.com\/essas-du-volant.fr\/wp-content\/uploads\/2017\/01\/telegramme20170125.jpg?fit=999%2C488&ssl=1","jetpack_sharing_enabled":true,"jetpack_likes_enabled":true,"_links":{"self":[{"href":"https:\/\/essas-du-volant.fr\/index.php\/wp-json\/wp\/v2\/posts\/2357","targetHints":{"allow":["GET"]}}],"collection":[{"href":"https:\/\/essas-du-volant.fr\/index.php\/wp-json\/wp\/v2\/posts"}],"about":[{"href":"https:\/\/essas-du-volant.fr\/index.php\/wp-json\/wp\/v2\/types\/post"}],"author":[{"embeddable":true,"href":"https:\/\/essas-du-volant.fr\/index.php\/wp-json\/wp\/v2\/users\/3"}],"replies":[{"embeddable":true,"href":"https:\/\/essas-du-volant.fr\/index.php\/wp-json\/wp\/v2\/comments?post=2357"}],"version-history":[{"count":10,"href":"https:\/\/essas-du-volant.fr\/index.php\/wp-json\/wp\/v2\/posts\/2357\/revisions"}],"predecessor-version":[{"id":3075,"href":"https:\/\/essas-du-volant.fr\/index.php\/wp-json\/wp\/v2\/posts\/2357\/revisions\/3075"}],"wp:featuredmedia":[{"embeddable":true,"href":"https:\/\/essas-du-volant.fr\/index.php\/wp-json\/wp\/v2\/media\/522"}],"wp:attachment":[{"href":"https:\/\/essas-du-volant.fr\/index.php\/wp-json\/wp\/v2\/media?parent=2357"}],"wp:term":[{"taxonomy":"category","embeddable":true,"href":"https:\/\/essas-du-volant.fr\/index.php\/wp-json\/wp\/v2\/categories?post=2357"},{"taxonomy":"post_tag","embeddable":true,"href":"https:\/\/essas-du-volant.fr\/index.php\/wp-json\/wp\/v2\/tags?post=2357"}],"curies":[{"name":"wp","href":"https:\/\/api.w.org\/{rel}","templated":true}]}}