{"id":2371,"date":"2016-12-03T18:58:48","date_gmt":"2016-12-03T17:58:48","guid":{"rendered":"https:\/\/essasblog.wordpress.com\/?p=992"},"modified":"2017-03-05T17:37:54","modified_gmt":"2017-03-05T16:37:54","slug":"telegramme-du-03-decembre-2016-victoire-de-saint-ave-2","status":"publish","type":"post","link":"https:\/\/essas-du-volant.fr\/index.php\/2016\/12\/03\/telegramme-du-03-decembre-2016-victoire-de-saint-ave-2\/","title":{"rendered":"T\u00e9l\u00e9gramme du 03 d\u00e9cembre 2016 : Victoire de Saint-Av\u00e9"},"content":{"rendered":"<p><img data-recalc-dims=\"1\" loading=\"lazy\" decoding=\"async\" class=\"aligncenter wp-image-340 size-full\" src=\"https:\/\/i0.wp.com\/essas-du-volant.fr\/wp-content\/uploads\/2017\/01\/telegramme20161203.jpg?resize=640%2C407&#038;ssl=1\" alt=\"telegramme20161203\" width=\"640\" height=\"407\" srcset=\"https:\/\/i0.wp.com\/essas-du-volant.fr\/wp-content\/uploads\/2017\/01\/telegramme20161203.jpg?w=941&amp;ssl=1 941w, https:\/\/i0.wp.com\/essas-du-volant.fr\/wp-content\/uploads\/2017\/01\/telegramme20161203.jpg?resize=300%2C191&amp;ssl=1 300w, https:\/\/i0.wp.com\/essas-du-volant.fr\/wp-content\/uploads\/2017\/01\/telegramme20161203.jpg?resize=768%2C489&amp;ssl=1 768w\" sizes=\"auto, (max-width: 640px) 100vw, 640px\" \/><\/p>\n<p style=\"text-align: justify;\">Les jeunes badistes av\u00e9ens sont en grande forme. Jeudi soir, l&rsquo;\u00e9quipe de Saint-Av\u00e9 a remport\u00e9 (quatre victoires \u00e0 trois), le premier tour de la coupe du Morbihan contre l&rsquo;excellente \u00e9quipe de Theix-Noyalo, dans une ambiance survolt\u00e9e. Vendredi soir, Lou a termin\u00e9 septi\u00e8me sur une vingtaine de jeunes lors du rassemblement d\u00e9partemental junior organis\u00e9 \u00e0 Saint-Nolff. Samedi (ci-contre), El\u00e9onore, Jeanne, Lisa, Adam, Dylan, Johann et Kilian ont remport\u00e9 la rencontre interclubs contre le BCV avec quatre victoires \u00e0 une.<\/p>\n","protected":false},"excerpt":{"rendered":"<p>Les jeunes badistes av\u00e9ens sont en grande forme. Jeudi soir, l&rsquo;\u00e9quipe de Saint-Av\u00e9 a remport\u00e9 (quatre victoires \u00e0 trois), le premier tour de la coupe du Morbihan contre l&rsquo;excellente \u00e9quipe de Theix-Noyalo, dans une ambiance survolt\u00e9e. Vendredi soir, Lou a termin\u00e9 septi\u00e8me sur une vingtaine de jeunes lors du rassemblement d\u00e9partemental junior organis\u00e9 \u00e0 Saint-Nolff. Samedi (ci-contre), El\u00e9onore, Jeanne, Lisa, Adam, Dylan, Johann et Kilian ont remport\u00e9 la rencontre interclubs contre le BCV avec quatre victoires \u00e0 une.<\/p>\n","protected":false},"author":3,"featured_media":340,"comment_status":"open","ping_status":"open","sticky":false,"template":"","format":"standard","meta":{"jetpack_post_was_ever_published":false,"_jetpack_newsletter_access":"","_jetpack_dont_email_post_to_subs":true,"_jetpack_newsletter_tier_id":0,"_jetpack_memberships_contains_paywalled_content":false,"_jetpack_memberships_contains_paid_content":false,"footnotes":"","jetpack_publicize_message":"","jetpack_publicize_feature_enabled":true,"jetpack_social_post_already_shared":false,"jetpack_social_options":{"image_generator_settings":{"template":"highway","default_image_id":0,"font":"","enabled":false},"version":2}},"categories":[12],"tags":[],"class_list":["post-2371","post","type-post","status-publish","format-standard","has-post-thumbnail","hentry","category-revue-de-presse"],"jetpack_publicize_connections":[],"jetpack_featured_media_url":"https:\/\/i0.wp.com\/essas-du-volant.fr\/wp-content\/uploads\/2017\/01\/telegramme20161203.jpg?fit=941%2C599&ssl=1","jetpack_sharing_enabled":true,"jetpack_likes_enabled":true,"_links":{"self":[{"href":"https:\/\/essas-du-volant.fr\/index.php\/wp-json\/wp\/v2\/posts\/2371","targetHints":{"allow":["GET"]}}],"collection":[{"href":"https:\/\/essas-du-volant.fr\/index.php\/wp-json\/wp\/v2\/posts"}],"about":[{"href":"https:\/\/essas-du-volant.fr\/index.php\/wp-json\/wp\/v2\/types\/post"}],"author":[{"embeddable":true,"href":"https:\/\/essas-du-volant.fr\/index.php\/wp-json\/wp\/v2\/users\/3"}],"replies":[{"embeddable":true,"href":"https:\/\/essas-du-volant.fr\/index.php\/wp-json\/wp\/v2\/comments?post=2371"}],"version-history":[{"count":4,"href":"https:\/\/essas-du-volant.fr\/index.php\/wp-json\/wp\/v2\/posts\/2371\/revisions"}],"predecessor-version":[{"id":3066,"href":"https:\/\/essas-du-volant.fr\/index.php\/wp-json\/wp\/v2\/posts\/2371\/revisions\/3066"}],"wp:featuredmedia":[{"embeddable":true,"href":"https:\/\/essas-du-volant.fr\/index.php\/wp-json\/wp\/v2\/media\/340"}],"wp:attachment":[{"href":"https:\/\/essas-du-volant.fr\/index.php\/wp-json\/wp\/v2\/media?parent=2371"}],"wp:term":[{"taxonomy":"category","embeddable":true,"href":"https:\/\/essas-du-volant.fr\/index.php\/wp-json\/wp\/v2\/categories?post=2371"},{"taxonomy":"post_tag","embeddable":true,"href":"https:\/\/essas-du-volant.fr\/index.php\/wp-json\/wp\/v2\/tags?post=2371"}],"curies":[{"name":"wp","href":"https:\/\/api.w.org\/{rel}","templated":true}]}}