{"id":2921,"date":"2017-03-01T12:48:46","date_gmt":"2017-03-01T11:48:46","guid":{"rendered":"http:\/\/essas-du-volant.fr\/?p=2921"},"modified":"2017-03-06T17:29:36","modified_gmt":"2017-03-06T16:29:36","slug":"mars-2017-les-evenements","status":"publish","type":"post","link":"https:\/\/essas-du-volant.fr\/index.php\/2017\/03\/01\/mars-2017-les-evenements\/","title":{"rendered":"Mars 2017 : les \u00e9v\u00e8nements"},"content":{"rendered":"<p style=\"text-align: justify;\"><img data-recalc-dims=\"1\" loading=\"lazy\" decoding=\"async\" class=\"aligncenter wp-image-3181 size-full\" src=\"https:\/\/i0.wp.com\/essas-du-volant.fr\/wp-content\/uploads\/2017\/01\/savethedate-1.jpg?resize=640%2C454&#038;ssl=1\" alt=\"savethedate\" width=\"640\" height=\"454\" srcset=\"https:\/\/i0.wp.com\/essas-du-volant.fr\/wp-content\/uploads\/2017\/01\/savethedate-1.jpg?w=661&amp;ssl=1 661w, https:\/\/i0.wp.com\/essas-du-volant.fr\/wp-content\/uploads\/2017\/01\/savethedate-1.jpg?resize=300%2C213&amp;ssl=1 300w\" sizes=\"auto, (max-width: 640px) 100vw, 640px\" \/><\/p>\n<p><strong><span style=\"color: #80acd3;\">Mercredi 1er \u00e0 19h : R\u00e9union de pr\u00e9paration du 1er Scrat Tour de Saint-Av\u00e9, premier tournoi individuel de Saint-Av\u00e9 !!! Nous avons besoin de vous tous !<\/span><\/strong><\/p>\n<p><span style=\"color: #008000;\"><strong>Jeudi 2 \u00e0 20h : J5 de la D3 qui re\u00e7oit le BCTN de Theix-Noyalo \u00e0 Saint-Av\u00e9 <\/strong><\/span><\/p>\n<p><strong><span style=\"color: #000080;\"> Samedi 4 \u00e0 10h : J3 des minimes qui re\u00e7oivent l\u2019AL de Ploemeur \u00e0 Saint-Av\u00e9<\/span> <\/strong><\/p>\n<p><span style=\"color: #cd5c5c;\"><strong> Samedi 4 et Dimanche 5 : Championnat de Bretagne V\u00e9t\u00e9rans \u00e0 ?<\/strong><\/span><\/p>\n<p><strong><span style=\"color: #000080;\"> Dimanche 5 : TDJ S5 \u00e0 Auray\/Vannes ASPTT<\/span> <\/strong><\/p>\n<p><strong><span style=\"color: #008000;\"> Jeudi 9 \u00e0 20h : J5 de la DH et J4 de la DF qui re\u00e7oivent respectivement le BUSQ de Questembert et le BPP de Plo\u00ebrmel \u00e0 Saint-Av\u00e9<\/span> <\/strong><\/p>\n<p><strong><span style=\"color: #80acd3;\"> Samedi 11 \u00e0 19h : <span style=\"color: #ff0000;\">soir\u00e9e<\/span> \u00e0 La Grange \u00e0 Jules<\/span> <\/strong><\/p>\n<p><strong><span style=\"color: #000080;\"> Samedi 11 et Dimanche 12 : Championnat de Bretagne Jeunes \u00e0 Kervignac<\/span> <\/strong><\/p>\n<p><strong><span style=\"color: #cd5c5c;\"> Samedi 11 et Dimanche 12 : 3\u00e8me sterwenn bad \u00e0 Monterblanc (15min)<\/span> <\/strong><\/p>\n<p><strong><span style=\"color: #008000;\"> Jeudi 16 \u00e0 20h : J5 de la D5 qui re\u00e7oit l&rsquo;AOBD de Saint-Nolff \u00e0 Meucon<\/span> <\/strong><\/p>\n<p><strong><span style=\"color: #ffa500;\"><span style=\"color: #cd5c5c;\"> Vendredi 17 : Nocturne \u00e0 Locoal-Mendon (35min)<\/span><\/span><\/strong><\/p>\n<p><strong><span style=\"color: #008000;\"> Jeudi 23 \u00e0 20h : derni\u00e8re journ\u00e9e (J6) de la D3 et de la D4 qui re\u00e7oivent respectivement le BCM de Meucon et le BCV de Vannes \u00e0 Saint-Av\u00e9<\/span> <\/strong><\/p>\n<p><strong style=\"color: #cd5c5c;\"><span style=\"color: #ffa500;\"> Samedi 25 et Dimanche 26 : stage DAB \u00e0 Taupont<\/span><\/strong><\/p>\n<div class=\"level3\" style=\"text-align: justify;\">\n<p><strong><span style=\"color: #cd5c5c;\"> Dimanche 26 : tournoi du Loch \u00e0 Brech (30min)<\/span> <\/strong><\/p>\n<p><strong><span style=\"color: #008000;\"> Jeudi 30 \u00e0 20h : J6 de la DH \u00e0 l&rsquo;AOBD de Saint-Nolff et J5 de la DF qui re\u00e7oit le MB de Monterblanc \u00e0 Saint-Av\u00e9<\/span><\/strong><\/p>\n<p>&nbsp;<\/p>\n<p><strong>\u00c0 noter aussi, les fins d&rsquo;inscriptions proches pour :<\/strong><\/p>\n<p><strong><span style=\"color: #cd5c5c;\"> Vendredi 7 avril : tournoi de P\u00e2ques AOBD \u00e0 Saint-Nolff (15min)<\/span><\/strong><\/p>\n<p><strong><span style=\"color: #cd5c5c;\"> Samedi 22 et Dimanche 23 avril : 5\u00e8me bad tour \u00e0 Elven (20min)<\/span><\/strong><\/p>\n<p><strong><span style=\"color: #cd5c5c;\"> Vendredi 28 avril : tournoi double du BCDM \u00e0 Nivillac (30min)<\/span> <\/strong><\/p>\n<\/div>\n","protected":false},"excerpt":{"rendered":"<p>Mercredi 1er \u00e0 19h : R\u00e9union de pr\u00e9paration du 1er Scrat Tour de Saint-Av\u00e9, premier tournoi individuel de Saint-Av\u00e9 !!! Nous avons besoin de vous tous ! Jeudi 2 \u00e0 20h : J5 de la D3 qui re\u00e7oit le BCTN de Theix-Noyalo \u00e0 Saint-Av\u00e9 Samedi 4 \u00e0 10h : J3 des minimes qui re\u00e7oivent l\u2019AL de Ploemeur \u00e0 Saint-Av\u00e9 Samedi 4 et Dimanche 5 : Championnat de Bretagne V\u00e9t\u00e9rans \u00e0 ? Dimanche 5 : TDJ S5 \u00e0 Auray\/Vannes ASPTT Jeudi&#8230;<\/p>\n<p class=\"read-more\"><a class=\"btn btn-default\" href=\"https:\/\/essas-du-volant.fr\/index.php\/2017\/03\/01\/mars-2017-les-evenements\/\"> Read More<span class=\"screen-reader-text\">  Read More<\/span><\/a><\/p>\n","protected":false},"author":3,"featured_media":3181,"comment_status":"open","ping_status":"open","sticky":false,"template":"","format":"standard","meta":{"jetpack_post_was_ever_published":false,"_jetpack_newsletter_access":"","_jetpack_dont_email_post_to_subs":true,"_jetpack_newsletter_tier_id":0,"_jetpack_memberships_contains_paywalled_content":false,"_jetpack_memberships_contains_paid_content":false,"footnotes":"","jetpack_publicize_message":"","jetpack_publicize_feature_enabled":true,"jetpack_social_post_already_shared":true,"jetpack_social_options":{"image_generator_settings":{"template":"highway","default_image_id":0,"font":"","enabled":false},"version":2}},"categories":[2],"tags":[],"class_list":["post-2921","post","type-post","status-publish","format-standard","has-post-thumbnail","hentry","category-actus"],"jetpack_publicize_connections":[],"jetpack_featured_media_url":"https:\/\/i0.wp.com\/essas-du-volant.fr\/wp-content\/uploads\/2017\/01\/savethedate-1.jpg?fit=661%2C469&ssl=1","jetpack_sharing_enabled":true,"jetpack_likes_enabled":true,"_links":{"self":[{"href":"https:\/\/essas-du-volant.fr\/index.php\/wp-json\/wp\/v2\/posts\/2921","targetHints":{"allow":["GET"]}}],"collection":[{"href":"https:\/\/essas-du-volant.fr\/index.php\/wp-json\/wp\/v2\/posts"}],"about":[{"href":"https:\/\/essas-du-volant.fr\/index.php\/wp-json\/wp\/v2\/types\/post"}],"author":[{"embeddable":true,"href":"https:\/\/essas-du-volant.fr\/index.php\/wp-json\/wp\/v2\/users\/3"}],"replies":[{"embeddable":true,"href":"https:\/\/essas-du-volant.fr\/index.php\/wp-json\/wp\/v2\/comments?post=2921"}],"version-history":[{"count":5,"href":"https:\/\/essas-du-volant.fr\/index.php\/wp-json\/wp\/v2\/posts\/2921\/revisions"}],"predecessor-version":[{"id":3187,"href":"https:\/\/essas-du-volant.fr\/index.php\/wp-json\/wp\/v2\/posts\/2921\/revisions\/3187"}],"wp:featuredmedia":[{"embeddable":true,"href":"https:\/\/essas-du-volant.fr\/index.php\/wp-json\/wp\/v2\/media\/3181"}],"wp:attachment":[{"href":"https:\/\/essas-du-volant.fr\/index.php\/wp-json\/wp\/v2\/media?parent=2921"}],"wp:term":[{"taxonomy":"category","embeddable":true,"href":"https:\/\/essas-du-volant.fr\/index.php\/wp-json\/wp\/v2\/categories?post=2921"},{"taxonomy":"post_tag","embeddable":true,"href":"https:\/\/essas-du-volant.fr\/index.php\/wp-json\/wp\/v2\/tags?post=2921"}],"curies":[{"name":"wp","href":"https:\/\/api.w.org\/{rel}","templated":true}]}}