{"id":3092,"date":"2017-02-09T22:00:58","date_gmt":"2017-02-09T21:00:58","guid":{"rendered":"http:\/\/essas-du-volant.fr\/?p=3092"},"modified":"2017-06-30T15:27:57","modified_gmt":"2017-06-30T13:27:57","slug":"telegramme-du-09-fevrier-2017-des-jeunes-prometteurs","status":"publish","type":"post","link":"https:\/\/essas-du-volant.fr\/index.php\/2017\/02\/09\/telegramme-du-09-fevrier-2017-des-jeunes-prometteurs\/","title":{"rendered":"T\u00e9l\u00e9gramme du 09 f\u00e9vrier 2017 :  Des jeunes prometteurs"},"content":{"rendered":"<p style=\"text-align: justify;\"><img data-recalc-dims=\"1\" loading=\"lazy\" decoding=\"async\" class=\"aligncenter wp-image-4006 size-full\" src=\"https:\/\/i0.wp.com\/essas-du-volant.fr\/wp-content\/uploads\/2017\/02\/telegramme20170209.jpg?resize=640%2C338&#038;ssl=1\" alt=\"telegramme20170209\" width=\"640\" height=\"338\" srcset=\"https:\/\/i0.wp.com\/essas-du-volant.fr\/wp-content\/uploads\/2017\/02\/telegramme20170209.jpg?w=999&amp;ssl=1 999w, https:\/\/i0.wp.com\/essas-du-volant.fr\/wp-content\/uploads\/2017\/02\/telegramme20170209.jpg?resize=300%2C158&amp;ssl=1 300w, https:\/\/i0.wp.com\/essas-du-volant.fr\/wp-content\/uploads\/2017\/02\/telegramme20170209.jpg?resize=768%2C405&amp;ssl=1 768w\" sizes=\"auto, (max-width: 640px) 100vw, 640px\" \/><\/p>\n<p style=\"text-align: justify;\">Ce dimanche 5 f\u00e9vrier, neuf jeunes portaient haut les couleurs du club de badminton de Saint-Av\u00e9. Au tournoi r\u00e9gional \u00e0 Saint-Brieuc, Jeanne s&rsquo;est inclin\u00e9e en quart de finale et en tournoi d\u00e9partemental \u00e0 Kervignac. Ils \u00e9taient huit \u00e0 relever tous les d\u00e9fis. Six sont revenus m\u00e9daill\u00e9s. Bravo \u00e0 Gwendal, Dylan, Johann, Adam, Marc, Lisa, \u00c9l\u00e9onore et Lou d&rsquo;avoir fait vibrer leurs supporters tout au long de cette journ\u00e9e.<\/p>\n","protected":false},"excerpt":{"rendered":"<p>Ce dimanche 5 f\u00e9vrier, neuf jeunes portaient haut les couleurs du club de badminton de Saint-Av\u00e9. Au tournoi r\u00e9gional \u00e0 Saint-Brieuc, Jeanne s&rsquo;est inclin\u00e9e en quart de finale et en tournoi d\u00e9partemental \u00e0 Kervignac. Ils \u00e9taient huit \u00e0 relever tous les d\u00e9fis. Six sont revenus m\u00e9daill\u00e9s. Bravo \u00e0 Gwendal, Dylan, Johann, Adam, Marc, Lisa, \u00c9l\u00e9onore et Lou d&rsquo;avoir fait vibrer leurs supporters tout au long de cette journ\u00e9e.<\/p>\n","protected":false},"author":3,"featured_media":4006,"comment_status":"open","ping_status":"open","sticky":false,"template":"","format":"standard","meta":{"jetpack_post_was_ever_published":false,"_jetpack_newsletter_access":"","_jetpack_dont_email_post_to_subs":false,"_jetpack_newsletter_tier_id":0,"_jetpack_memberships_contains_paywalled_content":false,"_jetpack_memberships_contains_paid_content":false,"footnotes":"","jetpack_publicize_message":"","jetpack_publicize_feature_enabled":true,"jetpack_social_post_already_shared":true,"jetpack_social_options":{"image_generator_settings":{"template":"highway","default_image_id":0,"font":"","enabled":false},"version":2}},"categories":[12],"tags":[],"class_list":["post-3092","post","type-post","status-publish","format-standard","has-post-thumbnail","hentry","category-revue-de-presse"],"jetpack_publicize_connections":[],"jetpack_featured_media_url":"https:\/\/i0.wp.com\/essas-du-volant.fr\/wp-content\/uploads\/2017\/02\/telegramme20170209.jpg?fit=999%2C527&ssl=1","jetpack_sharing_enabled":true,"jetpack_likes_enabled":true,"_links":{"self":[{"href":"https:\/\/essas-du-volant.fr\/index.php\/wp-json\/wp\/v2\/posts\/3092","targetHints":{"allow":["GET"]}}],"collection":[{"href":"https:\/\/essas-du-volant.fr\/index.php\/wp-json\/wp\/v2\/posts"}],"about":[{"href":"https:\/\/essas-du-volant.fr\/index.php\/wp-json\/wp\/v2\/types\/post"}],"author":[{"embeddable":true,"href":"https:\/\/essas-du-volant.fr\/index.php\/wp-json\/wp\/v2\/users\/3"}],"replies":[{"embeddable":true,"href":"https:\/\/essas-du-volant.fr\/index.php\/wp-json\/wp\/v2\/comments?post=3092"}],"version-history":[{"count":3,"href":"https:\/\/essas-du-volant.fr\/index.php\/wp-json\/wp\/v2\/posts\/3092\/revisions"}],"predecessor-version":[{"id":4008,"href":"https:\/\/essas-du-volant.fr\/index.php\/wp-json\/wp\/v2\/posts\/3092\/revisions\/4008"}],"wp:featuredmedia":[{"embeddable":true,"href":"https:\/\/essas-du-volant.fr\/index.php\/wp-json\/wp\/v2\/media\/4006"}],"wp:attachment":[{"href":"https:\/\/essas-du-volant.fr\/index.php\/wp-json\/wp\/v2\/media?parent=3092"}],"wp:term":[{"taxonomy":"category","embeddable":true,"href":"https:\/\/essas-du-volant.fr\/index.php\/wp-json\/wp\/v2\/categories?post=3092"},{"taxonomy":"post_tag","embeddable":true,"href":"https:\/\/essas-du-volant.fr\/index.php\/wp-json\/wp\/v2\/tags?post=3092"}],"curies":[{"name":"wp","href":"https:\/\/api.w.org\/{rel}","templated":true}]}}