{"id":3094,"date":"2017-02-24T23:00:06","date_gmt":"2017-02-24T22:00:06","guid":{"rendered":"http:\/\/essas-du-volant.fr\/?p=3094"},"modified":"2017-03-05T22:31:15","modified_gmt":"2017-03-05T21:31:15","slug":"telegramme-du-24-fevrier-2017-kervignac-un-stage-departemental","status":"publish","type":"post","link":"https:\/\/essas-du-volant.fr\/index.php\/2017\/02\/24\/telegramme-du-24-fevrier-2017-kervignac-un-stage-departemental\/","title":{"rendered":"T\u00e9l\u00e9gramme du 24 f\u00e9vrier 2017 (Kervignac) : Un stage d\u00e9partemental"},"content":{"rendered":"<p style=\"text-align: center;\"><em><img data-recalc-dims=\"1\" loading=\"lazy\" decoding=\"async\" class=\"aligncenter wp-image-3095 size-full\" src=\"https:\/\/i0.wp.com\/essas-du-volant.fr\/wp-content\/uploads\/2017\/03\/telegramme20170224.jpg?resize=640%2C282&#038;ssl=1\" alt=\"telegramme20170224\" width=\"640\" height=\"282\" srcset=\"https:\/\/i0.wp.com\/essas-du-volant.fr\/wp-content\/uploads\/2017\/03\/telegramme20170224.jpg?w=998&amp;ssl=1 998w, https:\/\/i0.wp.com\/essas-du-volant.fr\/wp-content\/uploads\/2017\/03\/telegramme20170224.jpg?resize=300%2C132&amp;ssl=1 300w, https:\/\/i0.wp.com\/essas-du-volant.fr\/wp-content\/uploads\/2017\/03\/telegramme20170224.jpg?resize=768%2C338&amp;ssl=1 768w\" sizes=\"auto, (max-width: 640px) 100vw, 640px\" \/>K\u00e9mo Th\u00e9odose (Lanester), Dominique Kiry (comit\u00e9 d\u00e9partemental) et Samuel Hochard (Ligue de Bretagne) ont encadr\u00e9 quinze stagiaires venus de Monterblanc, Saint-Nolff, Saint-Av\u00e9, Kervignac, Locoal-Mendon, Lanester et Vannes.<\/em><\/p>\n<p style=\"text-align: justify;\">Le comit\u00e9 d\u00e9partemental de badminton a organis\u00e9, lundi et mardi, \u00e0 Kervignac, un stage de perfectionnement avec le soutien de la Ligue de Bretagne de badminton et le club local Les Fous du volant Kervignac. Il \u00e9tait destin\u00e9 aux jeunes gar\u00e7ons et filles de la cat\u00e9gorie minime (12-13 ans). Quinze jeunes des clubs de Gourin, Kervignac, Lanester, Locoal-Mendon, Monterblanc, Saint-Av\u00e9, Saint-Nolff et Vannes ont particip\u00e9 aux sessions dont l&rsquo;objectif \u00e9tait de d\u00e9velopper \u00ab la combativit\u00e9 et le travail sur la fixation \u00bb. Les deux journ\u00e9es, tr\u00e8s denses, \u00e9taient encadr\u00e9es par Samuel Hochard, de la Ligue de Bretagne, Dominique Kiry, du Comit\u00e9 56 et K\u00e9mo Th\u00e9odose, du club de Lanester. L&rsquo;investissement de la commune et des Fous du volant a \u00e9t\u00e9 salu\u00e9 par le Comit\u00e9 56.<\/p>\n","protected":false},"excerpt":{"rendered":"<p>K\u00e9mo Th\u00e9odose (Lanester), Dominique Kiry (comit\u00e9 d\u00e9partemental) et Samuel Hochard (Ligue de Bretagne) ont encadr\u00e9 quinze stagiaires venus de Monterblanc, Saint-Nolff, Saint-Av\u00e9, Kervignac, Locoal-Mendon, Lanester et Vannes. Le comit\u00e9 d\u00e9partemental de badminton a organis\u00e9, lundi et mardi, \u00e0 Kervignac, un stage de perfectionnement avec le soutien de la Ligue de Bretagne de badminton et le club local Les Fous du volant Kervignac. Il \u00e9tait destin\u00e9 aux jeunes gar\u00e7ons et filles de la cat\u00e9gorie minime (12-13 ans). Quinze jeunes des clubs&#8230;<\/p>\n<p class=\"read-more\"><a class=\"btn btn-default\" href=\"https:\/\/essas-du-volant.fr\/index.php\/2017\/02\/24\/telegramme-du-24-fevrier-2017-kervignac-un-stage-departemental\/\"> Read More<span class=\"screen-reader-text\">  Read More<\/span><\/a><\/p>\n","protected":false},"author":3,"featured_media":3095,"comment_status":"open","ping_status":"open","sticky":false,"template":"","format":"standard","meta":{"jetpack_post_was_ever_published":false,"_jetpack_newsletter_access":"","_jetpack_dont_email_post_to_subs":false,"_jetpack_newsletter_tier_id":0,"_jetpack_memberships_contains_paywalled_content":false,"_jetpack_memberships_contains_paid_content":false,"footnotes":"","jetpack_publicize_message":"","jetpack_publicize_feature_enabled":true,"jetpack_social_post_already_shared":true,"jetpack_social_options":{"image_generator_settings":{"template":"highway","default_image_id":0,"font":"","enabled":false},"version":2}},"categories":[12],"tags":[],"class_list":["post-3094","post","type-post","status-publish","format-standard","has-post-thumbnail","hentry","category-revue-de-presse"],"jetpack_publicize_connections":[],"jetpack_featured_media_url":"https:\/\/i0.wp.com\/essas-du-volant.fr\/wp-content\/uploads\/2017\/03\/telegramme20170224.jpg?fit=998%2C439&ssl=1","jetpack_sharing_enabled":true,"jetpack_likes_enabled":true,"_links":{"self":[{"href":"https:\/\/essas-du-volant.fr\/index.php\/wp-json\/wp\/v2\/posts\/3094","targetHints":{"allow":["GET"]}}],"collection":[{"href":"https:\/\/essas-du-volant.fr\/index.php\/wp-json\/wp\/v2\/posts"}],"about":[{"href":"https:\/\/essas-du-volant.fr\/index.php\/wp-json\/wp\/v2\/types\/post"}],"author":[{"embeddable":true,"href":"https:\/\/essas-du-volant.fr\/index.php\/wp-json\/wp\/v2\/users\/3"}],"replies":[{"embeddable":true,"href":"https:\/\/essas-du-volant.fr\/index.php\/wp-json\/wp\/v2\/comments?post=3094"}],"version-history":[{"count":1,"href":"https:\/\/essas-du-volant.fr\/index.php\/wp-json\/wp\/v2\/posts\/3094\/revisions"}],"predecessor-version":[{"id":3096,"href":"https:\/\/essas-du-volant.fr\/index.php\/wp-json\/wp\/v2\/posts\/3094\/revisions\/3096"}],"wp:featuredmedia":[{"embeddable":true,"href":"https:\/\/essas-du-volant.fr\/index.php\/wp-json\/wp\/v2\/media\/3095"}],"wp:attachment":[{"href":"https:\/\/essas-du-volant.fr\/index.php\/wp-json\/wp\/v2\/media?parent=3094"}],"wp:term":[{"taxonomy":"category","embeddable":true,"href":"https:\/\/essas-du-volant.fr\/index.php\/wp-json\/wp\/v2\/categories?post=3094"},{"taxonomy":"post_tag","embeddable":true,"href":"https:\/\/essas-du-volant.fr\/index.php\/wp-json\/wp\/v2\/tags?post=3094"}],"curies":[{"name":"wp","href":"https:\/\/api.w.org\/{rel}","templated":true}]}}