{"id":4521,"date":"2018-01-08T20:00:04","date_gmt":"2018-01-08T19:00:04","guid":{"rendered":"http:\/\/essas-du-volant.fr\/?p=4521"},"modified":"2018-01-13T21:59:33","modified_gmt":"2018-01-13T20:59:33","slug":"interclubs-d5-du-08-janvier-2018-a-meucon","status":"publish","type":"post","link":"https:\/\/essas-du-volant.fr\/index.php\/2018\/01\/08\/interclubs-d5-du-08-janvier-2018-a-meucon\/","title":{"rendered":"Interclubs D5 du 08 janvier 2018 \u00e0 Meucon"},"content":{"rendered":"<p>Ce lundi 8, la D5 se d\u00e9pla\u00e7ait au BCM de Meucon avec pour objectif d&rsquo;\u00e9liminer les exc\u00e8s des f\u00eates et de poursuivre sur sa belle lanc\u00e9e.<br \/>\nLa rencontre d\u00e9buta sur les chapeaux de roues avec 2 belles victoires de Guillaume et Corentin en simple homme et 1 en double dame avec Lisa et \u00c9l\u00e9onore. Vient ensuite le tour de Johann et Antoine de montrer leurs talents en double homme, suivis d&rsquo;une victoire de Fanny en simple. \u00c0 ce moment de la soir\u00e9e, la rencontre est d&rsquo;ores et d\u00e9j\u00e0 gagn\u00e9e pour nous, mais Meucon peut encore gagner un point en d\u00e9fense. Apr\u00e8s un match gagn\u00e9 par le BCM en simple dame (la revanche sera terrible au match retour ;)), Alex et Guillaume ont excell\u00e9 en double mixte. La derni\u00e8re victoire de la soir\u00e9e a \u00e9t\u00e9 rapport\u00e9e par Carole et Jean-Michel qui nous ont beaucoup amus\u00e9s (et un peu stress\u00e9s avec ce troisi\u00e8me set ;P). Une nouvelle victoire 7 \u00e0 1 pour Saint-Av\u00e9.<\/p>\n<p>La bonne ambiance \u00e9tait encore une fois au rendez vous, tant dans le jeu que sur le bord des terrains. Merci aux meuconais et meuconaises !<\/p>\n<p>&nbsp;<\/p>\n<p>\u00c0 la fin des rencontres aller, notre \u00e9quipe de D5 tient donc la t\u00eate de la poule avec 16 points ! Un grand bravo !<\/p>\n<p>Premiers matchs retour d\u00e9but f\u00e9vrier face \u00e0 Grand-Champ. Arriveront-ils \u00e0 freiner notre \u00e9quipe ?<\/p>\n","protected":false},"excerpt":{"rendered":"<p>Ce lundi 8, la D5 se d\u00e9pla\u00e7ait au BCM de Meucon avec pour objectif d&rsquo;\u00e9liminer les exc\u00e8s des f\u00eates et de poursuivre sur sa belle lanc\u00e9e. La rencontre d\u00e9buta sur les chapeaux de roues avec 2 belles victoires de Guillaume et Corentin en simple homme et 1 en double dame avec Lisa et \u00c9l\u00e9onore. Vient ensuite le tour de Johann et Antoine de montrer leurs talents en double homme, suivis d&rsquo;une victoire de Fanny en simple. \u00c0 ce moment de&#8230;<\/p>\n<p class=\"read-more\"><a class=\"btn btn-default\" href=\"https:\/\/essas-du-volant.fr\/index.php\/2018\/01\/08\/interclubs-d5-du-08-janvier-2018-a-meucon\/\"> Read More<span class=\"screen-reader-text\">  Read More<\/span><\/a><\/p>\n","protected":false},"author":3,"featured_media":4523,"comment_status":"open","ping_status":"open","sticky":false,"template":"","format":"standard","meta":{"jetpack_post_was_ever_published":false,"_jetpack_newsletter_access":"","_jetpack_dont_email_post_to_subs":false,"_jetpack_newsletter_tier_id":0,"_jetpack_memberships_contains_paywalled_content":false,"_jetpack_memberships_contains_paid_content":false,"footnotes":"","jetpack_publicize_message":"","jetpack_publicize_feature_enabled":true,"jetpack_social_post_already_shared":true,"jetpack_social_options":{"image_generator_settings":{"template":"highway","default_image_id":0,"font":"","enabled":false},"version":2}},"categories":[3,18,5],"tags":[],"class_list":["post-4521","post","type-post","status-publish","format-standard","has-post-thumbnail","hentry","category-adultes","category-d-5","category-interclubs56"],"jetpack_publicize_connections":[],"jetpack_featured_media_url":"https:\/\/i0.wp.com\/essas-du-volant.fr\/wp-content\/uploads\/2018\/01\/D5-vs-BCM-Meucon-08-01-2018.jpg?fit=3264%2C1836&ssl=1","jetpack_sharing_enabled":true,"jetpack_likes_enabled":true,"_links":{"self":[{"href":"https:\/\/essas-du-volant.fr\/index.php\/wp-json\/wp\/v2\/posts\/4521","targetHints":{"allow":["GET"]}}],"collection":[{"href":"https:\/\/essas-du-volant.fr\/index.php\/wp-json\/wp\/v2\/posts"}],"about":[{"href":"https:\/\/essas-du-volant.fr\/index.php\/wp-json\/wp\/v2\/types\/post"}],"author":[{"embeddable":true,"href":"https:\/\/essas-du-volant.fr\/index.php\/wp-json\/wp\/v2\/users\/3"}],"replies":[{"embeddable":true,"href":"https:\/\/essas-du-volant.fr\/index.php\/wp-json\/wp\/v2\/comments?post=4521"}],"version-history":[{"count":2,"href":"https:\/\/essas-du-volant.fr\/index.php\/wp-json\/wp\/v2\/posts\/4521\/revisions"}],"predecessor-version":[{"id":4524,"href":"https:\/\/essas-du-volant.fr\/index.php\/wp-json\/wp\/v2\/posts\/4521\/revisions\/4524"}],"wp:featuredmedia":[{"embeddable":true,"href":"https:\/\/essas-du-volant.fr\/index.php\/wp-json\/wp\/v2\/media\/4523"}],"wp:attachment":[{"href":"https:\/\/essas-du-volant.fr\/index.php\/wp-json\/wp\/v2\/media?parent=4521"}],"wp:term":[{"taxonomy":"category","embeddable":true,"href":"https:\/\/essas-du-volant.fr\/index.php\/wp-json\/wp\/v2\/categories?post=4521"},{"taxonomy":"post_tag","embeddable":true,"href":"https:\/\/essas-du-volant.fr\/index.php\/wp-json\/wp\/v2\/tags?post=4521"}],"curies":[{"name":"wp","href":"https:\/\/api.w.org\/{rel}","templated":true}]}}