{"id":4766,"date":"2018-03-04T20:00:26","date_gmt":"2018-03-04T19:00:26","guid":{"rendered":"http:\/\/essas-du-volant.fr\/?p=4766"},"modified":"2018-03-29T16:06:53","modified_gmt":"2018-03-29T14:06:53","slug":"2eme-scrat-tour-du-03-et-04-mars-2018-a-saint-ave","status":"publish","type":"post","link":"https:\/\/essas-du-volant.fr\/index.php\/2018\/03\/04\/2eme-scrat-tour-du-03-et-04-mars-2018-a-saint-ave\/","title":{"rendered":"2\u00e8me Scrat Tour du 03 et 04 mars 2018 \u00e0 Saint-Av\u00e9"},"content":{"rendered":"<p style=\"text-align: justify;\">Apr\u00e8s l&rsquo;exp\u00e9rience du premier, nous \u00e9tions par\u00e9s pour notre deuxi\u00e8me Scrat Tour ! Enfin presque ^^ !<\/p>\n<p style=\"text-align: justify;\">Quelques modifications toutefois : au lieu du mois de juin, nous souhaitions le mois de f\u00e9vrier. Mais en fonction de la disponibilit\u00e9 des salles, le tournoi e\u00fbt lieu finalement en mars. Deuxi\u00e8me changement, et pas des moindre, nous sommes pass\u00e9s de 1 \u00e0 2 jours de comp\u00e9tition, et nous avons ouvert dans ce m\u00eame \u00e9lan la comp\u00e9tition \u00e0 toutes les disciplines : simple homme, simple dame, double homme, double dame et double mixte. Enfin, notre pr\u00e9sidente Cathy, d\u00e9esse de la d\u00e9co du Scrat Tour n&rsquo;\u00e9tait pas pr\u00e9sente le jour J (et elle s&rsquo;en est mordu les doigts ;P !). Heureusement, elle a partag\u00e9 son savoir-faire d\u00e9coratif avec nous avant de partir sur les pistes ;).<\/p>\n<p style=\"text-align: justify;\">Apr\u00e8s le rush des sponsors (merci Steph !), les inscrits et les changements de tableaux de dernier jour (merci Val\u00e9rie !), les ajustements de d\u00e9co, mat\u00e9riel et inondation surprise de derni\u00e8re minute du matin, le tournoi e\u00fbt enfin lieu ! Avec 130 joueurs inscrits provenant de 2 ligues, 4 d\u00e9partements et 29 clubs pour un total de 161 matchs jou\u00e9s r\u00e9partis en 11 tableaux, au final, ce f\u00fbt une tr\u00e8s belle \u00e9dition qui a d\u00e9pass\u00e9 nos esp\u00e9rances !!! \ud83d\ude00 \ud83d\ude00 \ud83d\ude00<\/p>\n<p style=\"text-align: justify;\">Bravo aux joueurs et merci aux sponsors, b\u00e9n\u00e9voles, et organisateurs.<\/p>\n<p style=\"text-align: justify;\">On esp\u00e8re que vous vous \u00eates bien amus\u00e9s \u00e0 notre tournoi et que vous reviendrez \ud83d\ude00 ! 3\u00e8me Scrat Tour de Saint-Av\u00e9 pr\u00e9vu vers f\u00e9vrier-mars 2019 \ud83d\ude42<\/p>\n<p style=\"text-align: justify;\">Pour le palmar\u00e8s et les r\u00e9sultats, on vous renvoie <a href=\"https:\/\/essas-du-volant.fr\/index.php\/2eme-scrat-tour-de-saint-ave\/\">ICI<\/a>.<\/p>\n<p style=\"text-align: justify;\">Pour consulter\/commenter les plus de 400 photos, on vous donne rendez-vous <a href=\"https:\/\/www.facebook.com\/media\/set\/?set=a.828297660702771.1073742024.412934878905720&amp;type=1&amp;l=92b5e47061\">L\u00c0<\/a> !<\/p>\n<p style=\"text-align: justify;\">Et deux articles du T\u00e9l\u00e9gramme du 1er mars 2018 <a href=\"https:\/\/essas-du-volant.fr\/index.php\/2018\/03\/01\/telegramme-du-1er-mars-2018-le-2e-scrat-tour-les-3-et-4-mars\/\">ICI<\/a> et un autre du 07 mars 2018 <a href=\"https:\/\/essas-du-volant.fr\/index.php\/2018\/03\/07\/telegramme-du-07-mars-2018-130-joueurs-au-scrat-tour\/\">L\u00c0<\/a>.<\/p>\n<p style=\"text-align: justify;\">\n","protected":false},"excerpt":{"rendered":"<p>Apr\u00e8s l&rsquo;exp\u00e9rience du premier, nous \u00e9tions par\u00e9s pour notre deuxi\u00e8me Scrat Tour ! Enfin presque ^^ ! Quelques modifications toutefois : au lieu du mois de juin, nous souhaitions le mois de f\u00e9vrier. Mais en fonction de la disponibilit\u00e9 des salles, le tournoi e\u00fbt lieu finalement en mars. Deuxi\u00e8me changement, et pas des moindre, nous sommes pass\u00e9s de 1 \u00e0 2 jours de comp\u00e9tition, et nous avons ouvert dans ce m\u00eame \u00e9lan la comp\u00e9tition \u00e0 toutes les disciplines : simple&#8230;<\/p>\n<p class=\"read-more\"><a class=\"btn btn-default\" href=\"https:\/\/essas-du-volant.fr\/index.php\/2018\/03\/04\/2eme-scrat-tour-du-03-et-04-mars-2018-a-saint-ave\/\"> Read More<span class=\"screen-reader-text\">  Read More<\/span><\/a><\/p>\n","protected":false},"author":3,"featured_media":4768,"comment_status":"open","ping_status":"open","sticky":false,"template":"","format":"standard","meta":{"jetpack_post_was_ever_published":false,"_jetpack_newsletter_access":"","_jetpack_dont_email_post_to_subs":false,"_jetpack_newsletter_tier_id":0,"_jetpack_memberships_contains_paywalled_content":false,"_jetpack_memberships_contains_paid_content":false,"footnotes":"","jetpack_publicize_message":"2\u00e8me Scrat Tour du 03 et 04 mars 2018 \u00e0 Saint-Av\u00e9","jetpack_publicize_feature_enabled":true,"jetpack_social_post_already_shared":true,"jetpack_social_options":{"image_generator_settings":{"template":"highway","default_image_id":0,"font":"","enabled":false},"version":2}},"categories":[3,8,15],"tags":[],"class_list":["post-4766","post","type-post","status-publish","format-standard","has-post-thumbnail","hentry","category-adultes","category-les-news-du-club","category-tournois"],"jetpack_publicize_connections":[],"jetpack_featured_media_url":"https:\/\/i0.wp.com\/essas-du-volant.fr\/wp-content\/uploads\/2018\/03\/2%C3%A8me-Scrat-Tour-Saint-Av%C3%A9-03-03-2018-6.jpg?fit=4912%2C1080&ssl=1","jetpack_sharing_enabled":true,"jetpack_likes_enabled":true,"_links":{"self":[{"href":"https:\/\/essas-du-volant.fr\/index.php\/wp-json\/wp\/v2\/posts\/4766","targetHints":{"allow":["GET"]}}],"collection":[{"href":"https:\/\/essas-du-volant.fr\/index.php\/wp-json\/wp\/v2\/posts"}],"about":[{"href":"https:\/\/essas-du-volant.fr\/index.php\/wp-json\/wp\/v2\/types\/post"}],"author":[{"embeddable":true,"href":"https:\/\/essas-du-volant.fr\/index.php\/wp-json\/wp\/v2\/users\/3"}],"replies":[{"embeddable":true,"href":"https:\/\/essas-du-volant.fr\/index.php\/wp-json\/wp\/v2\/comments?post=4766"}],"version-history":[{"count":4,"href":"https:\/\/essas-du-volant.fr\/index.php\/wp-json\/wp\/v2\/posts\/4766\/revisions"}],"predecessor-version":[{"id":4774,"href":"https:\/\/essas-du-volant.fr\/index.php\/wp-json\/wp\/v2\/posts\/4766\/revisions\/4774"}],"wp:featuredmedia":[{"embeddable":true,"href":"https:\/\/essas-du-volant.fr\/index.php\/wp-json\/wp\/v2\/media\/4768"}],"wp:attachment":[{"href":"https:\/\/essas-du-volant.fr\/index.php\/wp-json\/wp\/v2\/media?parent=4766"}],"wp:term":[{"taxonomy":"category","embeddable":true,"href":"https:\/\/essas-du-volant.fr\/index.php\/wp-json\/wp\/v2\/categories?post=4766"},{"taxonomy":"post_tag","embeddable":true,"href":"https:\/\/essas-du-volant.fr\/index.php\/wp-json\/wp\/v2\/tags?post=4766"}],"curies":[{"name":"wp","href":"https:\/\/api.w.org\/{rel}","templated":true}]}}