{"id":4880,"date":"2018-06-12T08:00:21","date_gmt":"2018-06-12T06:00:21","guid":{"rendered":"http:\/\/essas-du-volant.fr\/?p=4880"},"modified":"2018-06-28T19:26:30","modified_gmt":"2018-06-28T17:26:30","slug":"telegramme-du-12-juin-2018-12-ans-et-de-nouvelles-ambitions","status":"publish","type":"post","link":"https:\/\/essas-du-volant.fr\/index.php\/2018\/06\/12\/telegramme-du-12-juin-2018-12-ans-et-de-nouvelles-ambitions\/","title":{"rendered":"T\u00e9l\u00e9gramme du 12 juin 2018 : 12 ans et de nouvelles ambitions"},"content":{"rendered":"<p style=\"text-align: justify;\">Le club de badminton, l\u2019Essa\u2019s du Volant, a f\u00eat\u00e9 ses 12 ans d\u2019existence ce samedi, lors de son assembl\u00e9e g\u00e9n\u00e9rale, en pr\u00e9sence d\u2019une quarantaine de ses fid\u00e8les badistes.<br \/>\nL\u2019ouverture d\u2019un nouveau cr\u00e9neau a \u00e9t\u00e9 d\u00e9cid\u00e9e, le mercredi de 19\u00a0h\u00a030 \u00e0 20\u00a0h\u00a030. Au vu du bon r\u00e9sultat financier, le conseil a d\u00e9cid\u00e9 de baisser le prix d\u2019adh\u00e9sion pour les membres de la section Loisirs.<\/p>\n<h3 style=\"text-align: justify;\">Les r\u00e9sultats<\/h3>\n<p style=\"text-align: justify;\">Les comp\u00e9titeurs n\u2019ont pas d\u00e9m\u00e9rit\u00e9, puisque cinq Av\u00e9ens se sont hiss\u00e9s au niveau r\u00e9gional. Les \u00e9quipes interclub montent \u00e9galement toutes au niveau sup\u00e9rieur avec une mention sp\u00e9ciale pour l\u2019\u00e9quipe de D3 qui acc\u00e8de pour la 1re fois de l\u2019histoire du club en D2, la saison prochaine. Pour maintenir ce niveau, le club assurera pour les joueurs motiv\u00e9s un cr\u00e9neau sp\u00e9cial comp\u00e9titeurs, o\u00f9 la tactique, la technique et le physique seront \u00e0 l\u2019honneur, encadr\u00e9 par Chrishna Zitte.<\/p>\n<p style=\"text-align: justify;\">Le club a pour projet un tournoi avec invitation de joueurs de niveau national le week-end du 9 et 10\u00a0f\u00e9vrier. \u00ab\u00a0Nous r\u00e9it\u00e9rerons le tournoi de No\u00ebl, le tournoi des T\u2019amis, des sorties jeunes et nous innoverons avec un \u00ab\u00a024\u00a0h du bad\u00a0\u00bb et bien d\u2019autres surprises\u00a0\u00bb, assure la pr\u00e9sidente. Il ajoute qu\u2019ils comptent \u00ab\u00a0organiser des d\u00e9placements en dehors du d\u00e9partement et notamment d\u2019assister aux championnats de France\u00a0\u00bb.<\/p>\n","protected":false},"excerpt":{"rendered":"<p>Le club de badminton, l\u2019Essa\u2019s du Volant, a f\u00eat\u00e9 ses 12 ans d\u2019existence ce samedi, lors de son assembl\u00e9e g\u00e9n\u00e9rale, en pr\u00e9sence d\u2019une quarantaine de ses fid\u00e8les badistes. L\u2019ouverture d\u2019un nouveau cr\u00e9neau a \u00e9t\u00e9 d\u00e9cid\u00e9e, le mercredi de 19\u00a0h\u00a030 \u00e0 20\u00a0h\u00a030. Au vu du bon r\u00e9sultat financier, le conseil a d\u00e9cid\u00e9 de baisser le prix d\u2019adh\u00e9sion pour les membres de la section Loisirs. Les r\u00e9sultats Les comp\u00e9titeurs n\u2019ont pas d\u00e9m\u00e9rit\u00e9, puisque cinq Av\u00e9ens se sont hiss\u00e9s au niveau r\u00e9gional. Les&#8230;<\/p>\n<p class=\"read-more\"><a class=\"btn btn-default\" href=\"https:\/\/essas-du-volant.fr\/index.php\/2018\/06\/12\/telegramme-du-12-juin-2018-12-ans-et-de-nouvelles-ambitions\/\"> Read More<span class=\"screen-reader-text\">  Read More<\/span><\/a><\/p>\n","protected":false},"author":3,"featured_media":4881,"comment_status":"open","ping_status":"open","sticky":false,"template":"","format":"standard","meta":{"jetpack_post_was_ever_published":false,"_jetpack_newsletter_access":"","_jetpack_dont_email_post_to_subs":false,"_jetpack_newsletter_tier_id":0,"_jetpack_memberships_contains_paywalled_content":false,"_jetpack_memberships_contains_paid_content":false,"footnotes":"","jetpack_publicize_message":"T\u00e9l\u00e9gramme du 12 juin 2018 : 12 ans et de nouvelles ambitions","jetpack_publicize_feature_enabled":true,"jetpack_social_post_already_shared":true,"jetpack_social_options":{"image_generator_settings":{"template":"highway","default_image_id":0,"font":"","enabled":false},"version":2}},"categories":[12],"tags":[],"class_list":["post-4880","post","type-post","status-publish","format-standard","has-post-thumbnail","hentry","category-revue-de-presse"],"jetpack_publicize_connections":[],"jetpack_featured_media_url":"https:\/\/i0.wp.com\/essas-du-volant.fr\/wp-content\/uploads\/2018\/06\/telegramme20180612_ag.jpg?fit=1000%2C750&ssl=1","jetpack_sharing_enabled":true,"jetpack_likes_enabled":true,"_links":{"self":[{"href":"https:\/\/essas-du-volant.fr\/index.php\/wp-json\/wp\/v2\/posts\/4880","targetHints":{"allow":["GET"]}}],"collection":[{"href":"https:\/\/essas-du-volant.fr\/index.php\/wp-json\/wp\/v2\/posts"}],"about":[{"href":"https:\/\/essas-du-volant.fr\/index.php\/wp-json\/wp\/v2\/types\/post"}],"author":[{"embeddable":true,"href":"https:\/\/essas-du-volant.fr\/index.php\/wp-json\/wp\/v2\/users\/3"}],"replies":[{"embeddable":true,"href":"https:\/\/essas-du-volant.fr\/index.php\/wp-json\/wp\/v2\/comments?post=4880"}],"version-history":[{"count":1,"href":"https:\/\/essas-du-volant.fr\/index.php\/wp-json\/wp\/v2\/posts\/4880\/revisions"}],"predecessor-version":[{"id":4882,"href":"https:\/\/essas-du-volant.fr\/index.php\/wp-json\/wp\/v2\/posts\/4880\/revisions\/4882"}],"wp:featuredmedia":[{"embeddable":true,"href":"https:\/\/essas-du-volant.fr\/index.php\/wp-json\/wp\/v2\/media\/4881"}],"wp:attachment":[{"href":"https:\/\/essas-du-volant.fr\/index.php\/wp-json\/wp\/v2\/media?parent=4880"}],"wp:term":[{"taxonomy":"category","embeddable":true,"href":"https:\/\/essas-du-volant.fr\/index.php\/wp-json\/wp\/v2\/categories?post=4880"},{"taxonomy":"post_tag","embeddable":true,"href":"https:\/\/essas-du-volant.fr\/index.php\/wp-json\/wp\/v2\/tags?post=4880"}],"curies":[{"name":"wp","href":"https:\/\/api.w.org\/{rel}","templated":true}]}}