{"id":5119,"date":"2018-10-07T20:00:53","date_gmt":"2018-10-07T18:00:53","guid":{"rendered":"http:\/\/essas-du-volant.fr\/?p=5119"},"modified":"2018-10-14T19:11:55","modified_gmt":"2018-10-14T17:11:55","slug":"tdj-simple-1-du-07-octobre-2018-a-ploermel","status":"publish","type":"post","link":"https:\/\/essas-du-volant.fr\/index.php\/2018\/10\/07\/tdj-simple-1-du-07-octobre-2018-a-ploermel\/","title":{"rendered":"TDJ Simple 1 du 07 octobre 2018 \u00e0 Plo\u00ebrmel"},"content":{"rendered":"<p style=\"text-align: justify;\">Premier tournoi de la saison pour les jeunes du club. Et d\u00e9j\u00e0 de beaux r\u00e9sultats !<\/p>\n<p style=\"text-align: justify;\">Une demi finaliste, Jade, qui jouait son premier tournoi ! Bon d\u00e9but, continue comme cela !<br \/>\nDeux finalistes : Lou en top et Johann en espoir 1 !<br \/>\nEt une victoire pour Kilian LP, Lisa, \u0090\u00c9l\u00e9onore, Andr\u00e9a et Emilien !!! Rien que \u00e7a \ud83d\ude09 !<\/p>\n<p style=\"text-align: justify;\">Les accompagnateurs auront remarqu\u00e9 une bonne ambiance entre les jeunes, une solidarit\u00e9 entre eux, et une bonne attitude que ce soit dans la victoire ou la d\u00e9faite.<\/p>\n<p style=\"text-align: justify;\">Un grand merci \u00e0 Kilian J et Marc LF pour leur pr\u00e9sence autour des jeunes, ainsi qu&rsquo;\u00e0 Mika.<\/p>\n<p style=\"text-align: justify;\">Merci \u00e9galement aux parents qui sont pass\u00e9s faire un petit tour.<\/p>\n<p style=\"text-align: justify;\">Enfin, merci \u00e0 Steph pour le r\u00e9sum\u00e9 et les photos que\u00a0<a href=\"https:\/\/www.facebook.com\/media\/set\/?set=a.993891167476752&amp;type=1&amp;l=b0b1dc40f3\">VOICI<\/a> ;).<\/p>\n","protected":false},"excerpt":{"rendered":"<p>Premier tournoi de la saison pour les jeunes du club. Et d\u00e9j\u00e0 de beaux r\u00e9sultats ! Une demi finaliste, Jade, qui jouait son premier tournoi ! Bon d\u00e9but, continue comme cela ! Deux finalistes : Lou en top et Johann en espoir 1 ! Et une victoire pour Kilian LP, Lisa, \u0090\u00c9l\u00e9onore, Andr\u00e9a et Emilien !!! Rien que \u00e7a \ud83d\ude09 ! Les accompagnateurs auront remarqu\u00e9 une bonne ambiance entre les jeunes, une solidarit\u00e9 entre eux, et une bonne attitude que&#8230;<\/p>\n<p class=\"read-more\"><a class=\"btn btn-default\" href=\"https:\/\/essas-du-volant.fr\/index.php\/2018\/10\/07\/tdj-simple-1-du-07-octobre-2018-a-ploermel\/\"> Read More<span class=\"screen-reader-text\">  Read More<\/span><\/a><\/p>\n","protected":false},"author":3,"featured_media":5121,"comment_status":"open","ping_status":"open","sticky":false,"template":"","format":"standard","meta":{"jetpack_post_was_ever_published":false,"_jetpack_newsletter_access":"","_jetpack_dont_email_post_to_subs":false,"_jetpack_newsletter_tier_id":0,"_jetpack_memberships_contains_paywalled_content":false,"_jetpack_memberships_contains_paid_content":false,"footnotes":"","jetpack_publicize_message":"","jetpack_publicize_feature_enabled":true,"jetpack_social_post_already_shared":true,"jetpack_social_options":{"image_generator_settings":{"template":"highway","default_image_id":0,"font":"","enabled":false},"version":2}},"categories":[6,14],"tags":[],"class_list":["post-5119","post","type-post","status-publish","format-standard","has-post-thumbnail","hentry","category-jeunes","category-tdj-et-trj"],"jetpack_publicize_connections":[],"jetpack_featured_media_url":"https:\/\/i0.wp.com\/essas-du-volant.fr\/wp-content\/uploads\/TDJ-S1-Plo%C3%ABrmel-07-10-2018-17.jpg?fit=1920%2C1080&ssl=1","jetpack_sharing_enabled":true,"jetpack_likes_enabled":true,"_links":{"self":[{"href":"https:\/\/essas-du-volant.fr\/index.php\/wp-json\/wp\/v2\/posts\/5119","targetHints":{"allow":["GET"]}}],"collection":[{"href":"https:\/\/essas-du-volant.fr\/index.php\/wp-json\/wp\/v2\/posts"}],"about":[{"href":"https:\/\/essas-du-volant.fr\/index.php\/wp-json\/wp\/v2\/types\/post"}],"author":[{"embeddable":true,"href":"https:\/\/essas-du-volant.fr\/index.php\/wp-json\/wp\/v2\/users\/3"}],"replies":[{"embeddable":true,"href":"https:\/\/essas-du-volant.fr\/index.php\/wp-json\/wp\/v2\/comments?post=5119"}],"version-history":[{"count":1,"href":"https:\/\/essas-du-volant.fr\/index.php\/wp-json\/wp\/v2\/posts\/5119\/revisions"}],"predecessor-version":[{"id":5122,"href":"https:\/\/essas-du-volant.fr\/index.php\/wp-json\/wp\/v2\/posts\/5119\/revisions\/5122"}],"wp:featuredmedia":[{"embeddable":true,"href":"https:\/\/essas-du-volant.fr\/index.php\/wp-json\/wp\/v2\/media\/5121"}],"wp:attachment":[{"href":"https:\/\/essas-du-volant.fr\/index.php\/wp-json\/wp\/v2\/media?parent=5119"}],"wp:term":[{"taxonomy":"category","embeddable":true,"href":"https:\/\/essas-du-volant.fr\/index.php\/wp-json\/wp\/v2\/categories?post=5119"},{"taxonomy":"post_tag","embeddable":true,"href":"https:\/\/essas-du-volant.fr\/index.php\/wp-json\/wp\/v2\/tags?post=5119"}],"curies":[{"name":"wp","href":"https:\/\/api.w.org\/{rel}","templated":true}]}}