{"id":6201,"date":"2019-03-15T17:00:30","date_gmt":"2019-03-15T16:00:30","guid":{"rendered":"http:\/\/essas-du-volant.fr\/?p=6201"},"modified":"2019-03-15T17:00:41","modified_gmt":"2019-03-15T16:00:41","slug":"interclubs-bilan-a-la-mi-mars-2019","status":"publish","type":"post","link":"https:\/\/essas-du-volant.fr\/index.php\/2019\/03\/15\/interclubs-bilan-a-la-mi-mars-2019\/","title":{"rendered":"Interclubs : bilan \u00e0 la mi-mars 2019"},"content":{"rendered":"\n<p>Mais o\u00f9 en sont les \u00e9quipes de l&rsquo;ESSA&rsquo;s du Volant ? Que font-elles ? Qui affrontent-elles prochainement ? \u00c0 Saint-Av\u00e9 ou ailleurs ?<\/p>\n\n\n\n<p>Autant de questions qui resteront sans r\u00e9ponse si vous ne lisez pas ce qui suit ;).<\/p>\n\n\n\n<hr class=\"wp-block-separator\"\/>\n\n\n\n<p>Notre \u00e9quipe v\u00e9t\u00e9rans, tout d&rsquo;abord, privil\u00e8ge de l&rsquo;\u00e2ge ;). <\/p>\n\n\n\n<p>Notre \u00e9quipe v\u00e9t\u00e9rans a fini sa 6\u00e8me rencontre d&rsquo;\u00e9quipe sur 9 pr\u00e9sentes dans sa poule de 10.<br>Elle est actuellement \u00e0 la 6\u00e8me place avec 15 points, juste derri\u00e8re l&rsquo;ASPTT, FLAME, et LFVK, tous trois \u00e0 17 points et devant le BCDM \u00e0 10 points. Il leur reste de quoi grappiller encore quelque places avant la fin de saison !<br>Et justement, leur prochaine rencontre se fera face \u00e0 FLAME sur leurs terrains et d&rsquo;ici la fin de ce mois-ci.<\/p>\n\n\n\n<hr class=\"wp-block-separator\"\/>\n\n\n\n<p>Apr\u00e8s les v\u00e9t\u00e9rans, les cadets, comme \u00e7a, nous aurons les deux extr\u00eames ^^.<\/p>\n\n\n\n<p>Nos cadets en sont \u00e0 leur 2\u00e8me journ\u00e9e de rencontre sur 4 (5) dans leur  poule de 5. Ils sont 4\u00e8me avec 6 points, mais \u00e0 \u00e9galit\u00e9 avec FLAME et  l&rsquo;ASPTT (6 points \u00e9galement), la place se jouant \u00e0 un ou deux matchs pr\u00e8s.<br>La prochaine rencontre devrait d\u00e9j\u00e0 avoir eu lieu face au BCV, mais les r\u00e9sultats ne sont pas encore saisis. Sinon, derni\u00e8re rencontre en avril, face \u00e0 FLAME, mais sur nos terrains cette fois.<\/p>\n\n\n\n<hr class=\"wp-block-separator\"\/>\n\n\n\n<p>Suite avec notre DF, les amazones du bad.<\/p>\n\n\n\n<p>Nos badistes f\u00e9minines en sont \u00e0 la 5\u00e8me rencontre sur les 6 de leur poule unique de 4. Elles se trouvent \u00e0 la deuxi\u00e8me place avec 13 points, juste devant FLAME et le BCTN qui ont 11 points, et derri\u00e8re le rouleau-compresseur de l&rsquo;AOBD avec ses 24 points.<br>La derni\u00e8re rencontre se fera d&rsquo;ici la fin du mois et les opposera \u00e0 Saint-Nolff, chez ces derni\u00e8res.<\/p>\n\n\n\n<hr class=\"wp-block-separator\"\/>\n\n\n\n<p>Apr\u00e8s les femmes, les hommes, en DHE, l&rsquo;Elite, s&rsquo;il vous pla\u00eet.<\/p>\n\n\n\n<p>Nos badistes hommes ont effectu\u00e9 4 journ\u00e9es sur les 10 que comporte leur poule de 5. Ils sont actuellement 4\u00e8me avec 8 points, juste devant l&rsquo;ASPTT qui a le m\u00eame nombre de points, et sur les talons de Questembert, \u00e0 10 points.<br>La prochaine rencontre est pr\u00e9vue la semaine prochaine face au BCV qu&rsquo;ils accueilleront.<\/p>\n\n\n\n<hr class=\"wp-block-separator\"\/>\n\n\n\n<p>Et voici les interclubs d\u00e9partementaux mixtes ! Appelons la D3 !<\/p>\n\n\n\n<p>La D3 a jou\u00e9 5 rencontres sur les 6 de sa poule de 4. Ils se trouvent actuellement \u00e0 la 3\u00e8me place avec 11 points, derri\u00e8re le BCPG avec 18 points et devant FLAME avec 10 points.<br>Leur prochaine et derni\u00e8re rencontre de poule va se d\u00e9rouler \u00e0 Elven d\u00e9but avril, o\u00f9 ils vont devoir d\u00e9fendre leur troisi\u00e8me place face \u00e0 FLAME (encore eux ;)).<\/p>\n\n\n\n<hr class=\"wp-block-separator\"\/>\n\n\n\n<p>\u00ab\u00a0<em>Last but not least<\/em>\u00ab\u00a0, il reste la D2.<\/p>\n\n\n\n<p>Notre D2 a d\u00e9j\u00e0 fini ses 6 rencontres de poule (de 4) les opposant au FLLBC, \u00e0 l&rsquo;ALP et au BLM. Et c&rsquo;est \u00e0 la premi\u00e8re place qu&rsquo;elle finit, avec 30 points ! Enfin, finir est un grand mot, car elle doit encore disputer les barrages qui d\u00e9termineront si elle changera de nom l&rsquo;ann\u00e9e prochaine ou pas (en D1, ah, ah).<br>Premier barrage donc, en avril, face \u00e0&#8230; devinez qui&#8230; FLAME (toujours eux ^^).<\/p>\n\n\n\n<hr class=\"wp-block-separator\"\/>\n\n\n\n<p>Mais, mais, qu&rsquo;est-ce donc que ce paragraphe suppl\u00e9mentaire ? <br>Une lubie ? Une folie douce ? Un \u00e9garement ?<br>Non, non, rien de tout cela, juste un mot sur la coupe du Morbihan.<\/p>\n\n\n\n<p>Notre \u00e9quipe de coupe du Morbihan est entr\u00e9e au 3\u00e8me tour face au RLP de Pontivy. Apr\u00e8s une petite victoire 4 \u00e0 3, elle a fait une \u00ab\u00a0petite\u00a0\u00bb pause\u00a0\u00bb afin de trouver la bonne date pour enchainer face au PB de Pluvigner, face \u00e0 qui elle a gagn\u00e9 6 \u00e0 1.<br>Place au 5\u00e8me tour, face \u00e0 Quetembert, qui recevra l&rsquo;\u00e9quipe fin de ce mois.<br>L&rsquo;avenir nous dira s&rsquo;il y a un 6\u00e8me tour.<br><br><\/p>\n","protected":false},"excerpt":{"rendered":"<p>Mais o\u00f9 en sont les \u00e9quipes de l&rsquo;ESSA&rsquo;s du Volant ? Que font-elles ? Qui affrontent-elles prochainement ? \u00c0 Saint-Av\u00e9 ou ailleurs ? Autant de questions qui resteront sans r\u00e9ponse si vous ne lisez pas ce qui suit ;). Notre \u00e9quipe v\u00e9t\u00e9rans, tout d&rsquo;abord, privil\u00e8ge de l&rsquo;\u00e2ge ;). Notre \u00e9quipe v\u00e9t\u00e9rans a fini sa 6\u00e8me rencontre d&rsquo;\u00e9quipe sur 9 pr\u00e9sentes dans sa poule de 10.Elle est actuellement \u00e0 la 6\u00e8me place avec 15 points, juste derri\u00e8re l&rsquo;ASPTT, FLAME, et LFVK,&#8230;<\/p>\n<p class=\"read-more\"><a class=\"btn btn-default\" href=\"https:\/\/essas-du-volant.fr\/index.php\/2019\/03\/15\/interclubs-bilan-a-la-mi-mars-2019\/\"> Read More<span class=\"screen-reader-text\">  Read More<\/span><\/a><\/p>\n","protected":false},"author":3,"featured_media":0,"comment_status":"open","ping_status":"open","sticky":false,"template":"","format":"standard","meta":{"jetpack_post_was_ever_published":false,"_jetpack_newsletter_access":"","_jetpack_dont_email_post_to_subs":false,"_jetpack_newsletter_tier_id":0,"_jetpack_memberships_contains_paywalled_content":false,"_jetpack_memberships_contains_paid_content":false,"footnotes":"","jetpack_publicize_message":"","jetpack_publicize_feature_enabled":true,"jetpack_social_post_already_shared":true,"jetpack_social_options":{"image_generator_settings":{"template":"highway","default_image_id":0,"font":"","enabled":false},"version":2}},"categories":[3,28,29,16,20,21,22,23,5,6],"tags":[],"class_list":["post-6201","post","type-post","status-publish","format-standard","hentry","category-adultes","category-cadets","category-d2","category-d-3","category-dfemme","category-dhomme","category-dveteran","category-interclubs","category-interclubs56","category-jeunes"],"jetpack_publicize_connections":[],"jetpack_featured_media_url":"","jetpack_sharing_enabled":true,"jetpack_likes_enabled":true,"_links":{"self":[{"href":"https:\/\/essas-du-volant.fr\/index.php\/wp-json\/wp\/v2\/posts\/6201","targetHints":{"allow":["GET"]}}],"collection":[{"href":"https:\/\/essas-du-volant.fr\/index.php\/wp-json\/wp\/v2\/posts"}],"about":[{"href":"https:\/\/essas-du-volant.fr\/index.php\/wp-json\/wp\/v2\/types\/post"}],"author":[{"embeddable":true,"href":"https:\/\/essas-du-volant.fr\/index.php\/wp-json\/wp\/v2\/users\/3"}],"replies":[{"embeddable":true,"href":"https:\/\/essas-du-volant.fr\/index.php\/wp-json\/wp\/v2\/comments?post=6201"}],"version-history":[{"count":1,"href":"https:\/\/essas-du-volant.fr\/index.php\/wp-json\/wp\/v2\/posts\/6201\/revisions"}],"predecessor-version":[{"id":6202,"href":"https:\/\/essas-du-volant.fr\/index.php\/wp-json\/wp\/v2\/posts\/6201\/revisions\/6202"}],"wp:attachment":[{"href":"https:\/\/essas-du-volant.fr\/index.php\/wp-json\/wp\/v2\/media?parent=6201"}],"wp:term":[{"taxonomy":"category","embeddable":true,"href":"https:\/\/essas-du-volant.fr\/index.php\/wp-json\/wp\/v2\/categories?post=6201"},{"taxonomy":"post_tag","embeddable":true,"href":"https:\/\/essas-du-volant.fr\/index.php\/wp-json\/wp\/v2\/tags?post=6201"}],"curies":[{"name":"wp","href":"https:\/\/api.w.org\/{rel}","templated":true}]}}