{"id":795,"date":"2014-09-02T14:24:05","date_gmt":"2014-09-02T13:24:05","guid":{"rendered":"https:\/\/essasblog.wordpress.com\/?p=795"},"modified":"2017-02-21T20:16:06","modified_gmt":"2017-02-21T19:16:06","slug":"telegramme-du-02-septembre-2014-de-la-graine-de-champion","status":"publish","type":"post","link":"https:\/\/essas-du-volant.fr\/index.php\/2014\/09\/02\/telegramme-du-02-septembre-2014-de-la-graine-de-champion\/","title":{"rendered":"T\u00e9l\u00e9gramme du 02 septembre 2014 : De la graine de champion"},"content":{"rendered":"<p style=\"text-align:justify;\">Le Comit\u00e9 d\u00e9partemental de badminton du Morbihan et le club de Saint-Nolff organisaient, jeudi et vendredi \u00e0 la salle des sports Tournesol, un stage de reprise pour les meilleurs badistes du d\u00e9partement. Les cat\u00e9gories concern\u00e9es \u00e9taient les poussins (10-11 ans), les benjamins (12-13 ans) et les minimes (14-15 ans). 33 jeunes, repr\u00e9sentant dix clubs du Morbihan (Saint-Nolff, Lanester, Ploemeur, Plo\u00ebrmel, Vannes, Damgan, Muzillac, Auray, Elven et Saint-Av\u00e9) ont particip\u00e9 \u00e0 ce stage. Objectif : reprendre une bonne condition physique et travailler ses coups au badminton, pour les meilleurs jeunes morbihannais dans cette discipline. Ils ont aussi \u00e9t\u00e9 \u00e9valu\u00e9s en vue de constituer la s\u00e9lection d\u00e9partementale pour le championnat intercomit\u00e9s.<br \/>\n[\u2026]<\/p>\n","protected":false},"excerpt":{"rendered":"<p>Le Comit\u00e9 d\u00e9partemental de badminton du Morbihan et le club de Saint-Nolff organisaient, jeudi et vendredi \u00e0 la salle des sports Tournesol, un stage de reprise pour les meilleurs badistes du d\u00e9partement. Les cat\u00e9gories concern\u00e9es \u00e9taient les poussins (10-11 ans), les benjamins (12-13 ans) et les minimes (14-15 ans). 33 jeunes, repr\u00e9sentant dix clubs du Morbihan (Saint-Nolff, Lanester, Ploemeur, Plo\u00ebrmel, Vannes, Damgan, Muzillac, Auray, Elven et Saint-Av\u00e9) ont particip\u00e9 \u00e0 ce stage. Objectif : reprendre une bonne condition physique et&#8230;<\/p>\n<p class=\"read-more\"><a class=\"btn btn-default\" href=\"https:\/\/essas-du-volant.fr\/index.php\/2014\/09\/02\/telegramme-du-02-septembre-2014-de-la-graine-de-champion\/\"> Read More<span class=\"screen-reader-text\">  Read More<\/span><\/a><\/p>\n","protected":false},"author":3,"featured_media":0,"comment_status":"open","ping_status":"open","sticky":false,"template":"","format":"standard","meta":{"jetpack_post_was_ever_published":false,"_jetpack_newsletter_access":"","_jetpack_dont_email_post_to_subs":true,"_jetpack_newsletter_tier_id":0,"_jetpack_memberships_contains_paywalled_content":false,"_jetpack_memberships_contains_paid_content":false,"footnotes":"","jetpack_publicize_message":"","jetpack_publicize_feature_enabled":true,"jetpack_social_post_already_shared":false,"jetpack_social_options":{"image_generator_settings":{"template":"highway","default_image_id":0,"font":"","enabled":false},"version":2}},"categories":[12],"tags":[],"class_list":["post-795","post","type-post","status-publish","format-standard","hentry","category-revue-de-presse"],"jetpack_publicize_connections":[],"jetpack_featured_media_url":"","jetpack_sharing_enabled":true,"jetpack_likes_enabled":true,"_links":{"self":[{"href":"https:\/\/essas-du-volant.fr\/index.php\/wp-json\/wp\/v2\/posts\/795","targetHints":{"allow":["GET"]}}],"collection":[{"href":"https:\/\/essas-du-volant.fr\/index.php\/wp-json\/wp\/v2\/posts"}],"about":[{"href":"https:\/\/essas-du-volant.fr\/index.php\/wp-json\/wp\/v2\/types\/post"}],"author":[{"embeddable":true,"href":"https:\/\/essas-du-volant.fr\/index.php\/wp-json\/wp\/v2\/users\/3"}],"replies":[{"embeddable":true,"href":"https:\/\/essas-du-volant.fr\/index.php\/wp-json\/wp\/v2\/comments?post=795"}],"version-history":[{"count":1,"href":"https:\/\/essas-du-volant.fr\/index.php\/wp-json\/wp\/v2\/posts\/795\/revisions"}],"predecessor-version":[{"id":2799,"href":"https:\/\/essas-du-volant.fr\/index.php\/wp-json\/wp\/v2\/posts\/795\/revisions\/2799"}],"wp:attachment":[{"href":"https:\/\/essas-du-volant.fr\/index.php\/wp-json\/wp\/v2\/media?parent=795"}],"wp:term":[{"taxonomy":"category","embeddable":true,"href":"https:\/\/essas-du-volant.fr\/index.php\/wp-json\/wp\/v2\/categories?post=795"},{"taxonomy":"post_tag","embeddable":true,"href":"https:\/\/essas-du-volant.fr\/index.php\/wp-json\/wp\/v2\/tags?post=795"}],"curies":[{"name":"wp","href":"https:\/\/api.w.org\/{rel}","templated":true}]}}