{"id":8772,"date":"2023-03-24T19:11:47","date_gmt":"2023-03-24T18:11:47","guid":{"rendered":"https:\/\/essas-du-volant.fr\/?p=8772"},"modified":"2023-03-24T19:35:16","modified_gmt":"2023-03-24T18:35:16","slug":"telegramme-du-22-mars-2023-a-saint-ave-lessas-du-volant-en-route-vers-la-r3","status":"publish","type":"post","link":"https:\/\/essas-du-volant.fr\/index.php\/2023\/03\/24\/telegramme-du-22-mars-2023-a-saint-ave-lessas-du-volant-en-route-vers-la-r3\/","title":{"rendered":"T\u00e9l\u00e9gramme du 22 mars 2023 : \u00c0 Saint-Av\u00e9, l\u2019ESSA\u2019S du volant en route vers la R3"},"content":{"rendered":"\n<p>Dimanche 19 mars, le club de badminton l\u2019ESSA\u2019S du volant, conduit par Michel Fleury, accueillait une phase du championnat de D1, \u00e0 Saint-Av\u00e9. Les locaux qui caracolent en t\u00eate de leur championnat se sont impos\u00e9s 6-2 contre Saint-Nolff, puis 8-0 contre Mor\u00e9ac. \u00ab Ceci nous met en position tr\u00e8s favorable pour acc\u00e9der \u00e0 la R3 la saison prochaine \u00bb, se f\u00e9licite le pr\u00e9sident. Il ne restera qu\u2019\u00e0 confirmer lors de la prochaine et derni\u00e8re rencontre, le 16 avril \u00e0 Saint-Nolff.<\/p>\n","protected":false},"excerpt":{"rendered":"<p>Dimanche 19 mars, le club de badminton l\u2019ESSA\u2019S du volant, conduit par Michel Fleury, accueillait une phase du championnat de D1, \u00e0 Saint-Av\u00e9. Les locaux qui caracolent en t\u00eate de leur championnat se sont impos\u00e9s 6-2 contre Saint-Nolff, puis 8-0 contre Mor\u00e9ac. \u00ab Ceci nous met en position tr\u00e8s favorable pour acc\u00e9der \u00e0 la R3 la saison prochaine \u00bb, se f\u00e9licite le pr\u00e9sident. Il ne restera qu\u2019\u00e0 confirmer lors de la prochaine et derni\u00e8re rencontre, le 16 avril \u00e0 Saint-Nolff.<\/p>\n","protected":false},"author":3,"featured_media":8773,"comment_status":"open","ping_status":"open","sticky":false,"template":"","format":"standard","meta":{"jetpack_post_was_ever_published":false,"_jetpack_newsletter_access":"","_jetpack_dont_email_post_to_subs":false,"_jetpack_newsletter_tier_id":0,"_jetpack_memberships_contains_paywalled_content":false,"_jetpack_memberships_contains_paid_content":false,"footnotes":"","jetpack_publicize_message":"","jetpack_publicize_feature_enabled":true,"jetpack_social_post_already_shared":true,"jetpack_social_options":{"image_generator_settings":{"template":"highway","default_image_id":0,"font":"","enabled":false},"version":2}},"categories":[3,30,5,12],"tags":[],"class_list":["post-8772","post","type-post","status-publish","format-standard","has-post-thumbnail","hentry","category-adultes","category-d1","category-interclubs56","category-revue-de-presse"],"jetpack_publicize_connections":[],"jetpack_featured_media_url":"https:\/\/i0.wp.com\/essas-du-volant.fr\/wp-content\/uploads\/2023-03-22-Le-telegramme-l-equipe-aveenne-est-confiante-pour-la-montee-en-r3.jpg?fit=676%2C676&ssl=1","jetpack_sharing_enabled":true,"jetpack_likes_enabled":true,"_links":{"self":[{"href":"https:\/\/essas-du-volant.fr\/index.php\/wp-json\/wp\/v2\/posts\/8772","targetHints":{"allow":["GET"]}}],"collection":[{"href":"https:\/\/essas-du-volant.fr\/index.php\/wp-json\/wp\/v2\/posts"}],"about":[{"href":"https:\/\/essas-du-volant.fr\/index.php\/wp-json\/wp\/v2\/types\/post"}],"author":[{"embeddable":true,"href":"https:\/\/essas-du-volant.fr\/index.php\/wp-json\/wp\/v2\/users\/3"}],"replies":[{"embeddable":true,"href":"https:\/\/essas-du-volant.fr\/index.php\/wp-json\/wp\/v2\/comments?post=8772"}],"version-history":[{"count":3,"href":"https:\/\/essas-du-volant.fr\/index.php\/wp-json\/wp\/v2\/posts\/8772\/revisions"}],"predecessor-version":[{"id":8780,"href":"https:\/\/essas-du-volant.fr\/index.php\/wp-json\/wp\/v2\/posts\/8772\/revisions\/8780"}],"wp:featuredmedia":[{"embeddable":true,"href":"https:\/\/essas-du-volant.fr\/index.php\/wp-json\/wp\/v2\/media\/8773"}],"wp:attachment":[{"href":"https:\/\/essas-du-volant.fr\/index.php\/wp-json\/wp\/v2\/media?parent=8772"}],"wp:term":[{"taxonomy":"category","embeddable":true,"href":"https:\/\/essas-du-volant.fr\/index.php\/wp-json\/wp\/v2\/categories?post=8772"},{"taxonomy":"post_tag","embeddable":true,"href":"https:\/\/essas-du-volant.fr\/index.php\/wp-json\/wp\/v2\/tags?post=8772"}],"curies":[{"name":"wp","href":"https:\/\/api.w.org\/{rel}","templated":true}]}}