{"id":914,"date":"2016-02-19T17:05:05","date_gmt":"2016-02-19T16:05:05","guid":{"rendered":"https:\/\/essasblog.wordpress.com\/?p=914"},"modified":"2017-03-05T16:16:51","modified_gmt":"2017-03-05T15:16:51","slug":"ouest-france-du-19-fevrier-2016-elven-les-jeunes-badistes-morbihannais-se-perfectionnent","status":"publish","type":"post","link":"https:\/\/essas-du-volant.fr\/index.php\/2016\/02\/19\/ouest-france-du-19-fevrier-2016-elven-les-jeunes-badistes-morbihannais-se-perfectionnent\/","title":{"rendered":"Ouest-France du 19 f\u00e9vrier 2016 (Elven) : Les jeunes badistes morbihannais se perfectionnent"},"content":{"rendered":"<p><img data-recalc-dims=\"1\" loading=\"lazy\" decoding=\"async\" class=\"aligncenter wp-image-239 size-full\" src=\"https:\/\/i0.wp.com\/essas-du-volant.fr\/wp-content\/uploads\/2017\/01\/ouestfrance20160219.jpg?resize=640%2C360&#038;ssl=1\" alt=\"ouestfrance20160219\" width=\"640\" height=\"360\" srcset=\"https:\/\/i0.wp.com\/essas-du-volant.fr\/wp-content\/uploads\/2017\/01\/ouestfrance20160219.jpg?w=640&amp;ssl=1 640w, https:\/\/i0.wp.com\/essas-du-volant.fr\/wp-content\/uploads\/2017\/01\/ouestfrance20160219.jpg?resize=300%2C169&amp;ssl=1 300w\" sizes=\"auto, (max-width: 640px) 100vw, 640px\" \/><\/p>\n<p style=\"text-align: justify;\">Mardi, le Comit\u00e9 56 de badminton a organis\u00e9 un stage de perfectionnement \u00e0 Elven pour des jeunes gar\u00e7ons et filles des cat\u00e9gories minime et benjamin 2e ann\u00e9e.<br \/>\nTreize jeunes des clubs de Vannes, Caden, Monterblanc, Saint-Av\u00e9, Saint-Nolff et Elven ont particip\u00e9 au stage.<br \/>\nLes objectifs sont la combativit\u00e9 et le travail sur la fixation. Une journ\u00e9e tr\u00e8s dense encadr\u00e9e par Samuel Hochard de la Ligue de Bretagne, et Dominique Kiry du Comit\u00e9 56.<\/p>\n","protected":false},"excerpt":{"rendered":"<p>Mardi, le Comit\u00e9 56 de badminton a organis\u00e9 un stage de perfectionnement \u00e0 Elven pour des jeunes gar\u00e7ons et filles des cat\u00e9gories minime et benjamin 2e ann\u00e9e. Treize jeunes des clubs de Vannes, Caden, Monterblanc, Saint-Av\u00e9, Saint-Nolff et Elven ont particip\u00e9 au stage. Les objectifs sont la combativit\u00e9 et le travail sur la fixation. Une journ\u00e9e tr\u00e8s dense encadr\u00e9e par Samuel Hochard de la Ligue de Bretagne, et Dominique Kiry du Comit\u00e9 56.<\/p>\n","protected":false},"author":3,"featured_media":239,"comment_status":"open","ping_status":"open","sticky":false,"template":"","format":"standard","meta":{"jetpack_post_was_ever_published":false,"_jetpack_newsletter_access":"","_jetpack_dont_email_post_to_subs":true,"_jetpack_newsletter_tier_id":0,"_jetpack_memberships_contains_paywalled_content":false,"_jetpack_memberships_contains_paid_content":false,"footnotes":"","jetpack_publicize_message":"","jetpack_publicize_feature_enabled":true,"jetpack_social_post_already_shared":false,"jetpack_social_options":{"image_generator_settings":{"template":"highway","default_image_id":0,"font":"","enabled":false},"version":2}},"categories":[12],"tags":[],"class_list":["post-914","post","type-post","status-publish","format-standard","has-post-thumbnail","hentry","category-revue-de-presse"],"jetpack_publicize_connections":[],"jetpack_featured_media_url":"https:\/\/i0.wp.com\/essas-du-volant.fr\/wp-content\/uploads\/2017\/01\/ouestfrance20160219.jpg?fit=640%2C360&ssl=1","jetpack_sharing_enabled":true,"jetpack_likes_enabled":true,"_links":{"self":[{"href":"https:\/\/essas-du-volant.fr\/index.php\/wp-json\/wp\/v2\/posts\/914","targetHints":{"allow":["GET"]}}],"collection":[{"href":"https:\/\/essas-du-volant.fr\/index.php\/wp-json\/wp\/v2\/posts"}],"about":[{"href":"https:\/\/essas-du-volant.fr\/index.php\/wp-json\/wp\/v2\/types\/post"}],"author":[{"embeddable":true,"href":"https:\/\/essas-du-volant.fr\/index.php\/wp-json\/wp\/v2\/users\/3"}],"replies":[{"embeddable":true,"href":"https:\/\/essas-du-volant.fr\/index.php\/wp-json\/wp\/v2\/comments?post=914"}],"version-history":[{"count":3,"href":"https:\/\/essas-du-volant.fr\/index.php\/wp-json\/wp\/v2\/posts\/914\/revisions"}],"predecessor-version":[{"id":3036,"href":"https:\/\/essas-du-volant.fr\/index.php\/wp-json\/wp\/v2\/posts\/914\/revisions\/3036"}],"wp:featuredmedia":[{"embeddable":true,"href":"https:\/\/essas-du-volant.fr\/index.php\/wp-json\/wp\/v2\/media\/239"}],"wp:attachment":[{"href":"https:\/\/essas-du-volant.fr\/index.php\/wp-json\/wp\/v2\/media?parent=914"}],"wp:term":[{"taxonomy":"category","embeddable":true,"href":"https:\/\/essas-du-volant.fr\/index.php\/wp-json\/wp\/v2\/categories?post=914"},{"taxonomy":"post_tag","embeddable":true,"href":"https:\/\/essas-du-volant.fr\/index.php\/wp-json\/wp\/v2\/tags?post=914"}],"curies":[{"name":"wp","href":"https:\/\/api.w.org\/{rel}","templated":true}]}}