{"id":9151,"date":"2023-06-20T20:00:00","date_gmt":"2023-06-20T18:00:00","guid":{"rendered":"https:\/\/essas-du-volant.fr\/?p=9151"},"modified":"2023-07-01T13:27:42","modified_gmt":"2023-07-01T11:27:42","slug":"telegramme-du-20-juin-2023-a-saint-ave-lessas-du-volant-veut-mettre-laccent-sur-la-jeunesse","status":"publish","type":"post","link":"https:\/\/essas-du-volant.fr\/index.php\/2023\/06\/20\/telegramme-du-20-juin-2023-a-saint-ave-lessas-du-volant-veut-mettre-laccent-sur-la-jeunesse\/","title":{"rendered":"T\u00e9l\u00e9gramme du 20 juin 2023 : \u00c0 Saint-Av\u00e9, l\u2019Essa\u2019s du volant veut mettre l\u2019accent sur la jeunesse"},"content":{"rendered":"\n<p>Le club de badminton compte 108 adh\u00e9rents et propose un tournoi le 30&nbsp;juin.<\/p>\n\n\n\n<figure class=\"wp-block-image\"><img decoding=\"async\" src=\"https:\/\/media.letelegramme.fr\/api\/v1\/images\/view\/64915b1e8da2e031501272db\/web_golden_xl\/64915b1e8da2e031501272db.1\" alt=\"Ang\u00e9lique Pouiv\u00e9, tr\u00e9sori\u00e8re, Michel Fleur, pr\u00e9sident et Marc Le Fol, secr\u00e9taire.\"\/><figcaption class=\"wp-element-caption\">Ang\u00e9lique Pouiv\u00e9, tr\u00e9sori\u00e8re, Michel Fleury, pr\u00e9sident et Marc Le Fol, secr\u00e9taire.<\/figcaption><\/figure>\n\n\n\n<p>Le club de badminton a dress\u00e9 son bilan vendredi soir. Forte de 108 adh\u00e9rents, de cr\u00e9neaux qui affichent complet la semaine, l\u2019association conduite par Michel Fleury veut poursuivre sa progression en misant sur la comp\u00e9tition et la jeunesse en s\u2019appuyant sur un groupe renouvel\u00e9 et motiv\u00e9. L\u2019\u00e9quipe fanion acc\u00e8de cette ann\u00e9e \u00e0 la R3. La seconde \u00e9quipe \u00e9volue en D4. Alex et Jean-Christophe vont prendre en charge les comp\u00e9titeurs. Un appel sera lanc\u00e9 \u00e0 Profession sport 56 pour accompagner les jeunes vers les tournois et leur faire passer le pass\u2019bad. Le club qui vient de changer d\u2019\u00e9quipementier se tourne vers l\u2019entreprise en proposant des initiations, rencontres, tournois. Marie-Jos\u00e9e Touche et Kally Boullet int\u00e8grent le conseil d\u2019administration.<\/p>\n\n\n\n<h3 class=\"wp-block-heading\"><strong>Pratique<\/strong><\/h3>\n\n\n\n<p>Tournoi Intersports de badminton vendredi 30 juin. Contact Michel Fleury au 06&nbsp;62&nbsp;44&nbsp;18&nbsp;22.<\/p>\n","protected":false},"excerpt":{"rendered":"<p>Le club de badminton compte 108 adh\u00e9rents et propose un tournoi le 30&nbsp;juin. Le club de badminton a dress\u00e9 son bilan vendredi soir. Forte de 108 adh\u00e9rents, de cr\u00e9neaux qui affichent complet la semaine, l\u2019association conduite par Michel Fleury veut poursuivre sa progression en misant sur la comp\u00e9tition et la jeunesse en s\u2019appuyant sur un groupe renouvel\u00e9 et motiv\u00e9. L\u2019\u00e9quipe fanion acc\u00e8de cette ann\u00e9e \u00e0 la R3. La seconde \u00e9quipe \u00e9volue en D4. Alex et Jean-Christophe vont prendre en charge&#8230;<\/p>\n<p class=\"read-more\"><a class=\"btn btn-default\" href=\"https:\/\/essas-du-volant.fr\/index.php\/2023\/06\/20\/telegramme-du-20-juin-2023-a-saint-ave-lessas-du-volant-veut-mettre-laccent-sur-la-jeunesse\/\"> Read More<span class=\"screen-reader-text\">  Read More<\/span><\/a><\/p>\n","protected":false},"author":3,"featured_media":9152,"comment_status":"open","ping_status":"open","sticky":false,"template":"","format":"standard","meta":{"jetpack_post_was_ever_published":false,"_jetpack_newsletter_access":"","_jetpack_dont_email_post_to_subs":false,"_jetpack_newsletter_tier_id":0,"_jetpack_memberships_contains_paywalled_content":false,"_jetpack_memberships_contains_paid_content":false,"footnotes":"","jetpack_publicize_message":"","jetpack_publicize_feature_enabled":true,"jetpack_social_post_already_shared":true,"jetpack_social_options":{"image_generator_settings":{"template":"highway","default_image_id":0,"font":"","enabled":false},"version":2}},"categories":[2,8,12],"tags":[],"class_list":["post-9151","post","type-post","status-publish","format-standard","has-post-thumbnail","hentry","category-actus","category-les-news-du-club","category-revue-de-presse"],"jetpack_publicize_connections":[],"jetpack_featured_media_url":"https:\/\/i0.wp.com\/essas-du-volant.fr\/wp-content\/uploads\/2023-06-20-Telegramme-AG-2023.jpg?fit=960%2C600&ssl=1","jetpack_sharing_enabled":true,"jetpack_likes_enabled":true,"_links":{"self":[{"href":"https:\/\/essas-du-volant.fr\/index.php\/wp-json\/wp\/v2\/posts\/9151","targetHints":{"allow":["GET"]}}],"collection":[{"href":"https:\/\/essas-du-volant.fr\/index.php\/wp-json\/wp\/v2\/posts"}],"about":[{"href":"https:\/\/essas-du-volant.fr\/index.php\/wp-json\/wp\/v2\/types\/post"}],"author":[{"embeddable":true,"href":"https:\/\/essas-du-volant.fr\/index.php\/wp-json\/wp\/v2\/users\/3"}],"replies":[{"embeddable":true,"href":"https:\/\/essas-du-volant.fr\/index.php\/wp-json\/wp\/v2\/comments?post=9151"}],"version-history":[{"count":1,"href":"https:\/\/essas-du-volant.fr\/index.php\/wp-json\/wp\/v2\/posts\/9151\/revisions"}],"predecessor-version":[{"id":9153,"href":"https:\/\/essas-du-volant.fr\/index.php\/wp-json\/wp\/v2\/posts\/9151\/revisions\/9153"}],"wp:featuredmedia":[{"embeddable":true,"href":"https:\/\/essas-du-volant.fr\/index.php\/wp-json\/wp\/v2\/media\/9152"}],"wp:attachment":[{"href":"https:\/\/essas-du-volant.fr\/index.php\/wp-json\/wp\/v2\/media?parent=9151"}],"wp:term":[{"taxonomy":"category","embeddable":true,"href":"https:\/\/essas-du-volant.fr\/index.php\/wp-json\/wp\/v2\/categories?post=9151"},{"taxonomy":"post_tag","embeddable":true,"href":"https:\/\/essas-du-volant.fr\/index.php\/wp-json\/wp\/v2\/tags?post=9151"}],"curies":[{"name":"wp","href":"https:\/\/api.w.org\/{rel}","templated":true}]}}