{"id":9154,"date":"2023-06-06T20:00:00","date_gmt":"2023-06-06T18:00:00","guid":{"rendered":"https:\/\/essas-du-volant.fr\/?p=9154"},"modified":"2023-07-01T13:32:58","modified_gmt":"2023-07-01T11:32:58","slug":"ouest-france-du-06-juin-2023-saint-ave-la-montee-en-regionale-pour-lessas-du-volant","status":"publish","type":"post","link":"https:\/\/essas-du-volant.fr\/index.php\/2023\/06\/06\/ouest-france-du-06-juin-2023-saint-ave-la-montee-en-regionale-pour-lessas-du-volant\/","title":{"rendered":"Ouest-France du 06 juin 2023 : Saint-Av\u00e9. La mont\u00e9e en r\u00e9gionale pour l\u2019Essa\u2019s du volant"},"content":{"rendered":"\n<figure class=\"wp-block-image size-full\"><img data-recalc-dims=\"1\" loading=\"lazy\" decoding=\"async\" width=\"640\" height=\"231\" src=\"https:\/\/i0.wp.com\/essas-du-volant.fr\/wp-content\/uploads\/2023-06-06-Ouest-France-Montee-R3.jpg?resize=640%2C231&#038;ssl=1\" alt=\"Pr\u00e9paration de le mont\u00e9e, 5e Scrat Tour et assembl\u00e9e g\u00e9n\u00e9rale : l\u2019agenda de l\u2019Essa badminton est bien rempli. | OUEST-FRANCE\" class=\"wp-image-9155\" srcset=\"https:\/\/i0.wp.com\/essas-du-volant.fr\/wp-content\/uploads\/2023-06-06-Ouest-France-Montee-R3.jpg?w=1260&amp;ssl=1 1260w, https:\/\/i0.wp.com\/essas-du-volant.fr\/wp-content\/uploads\/2023-06-06-Ouest-France-Montee-R3.jpg?resize=300%2C108&amp;ssl=1 300w, https:\/\/i0.wp.com\/essas-du-volant.fr\/wp-content\/uploads\/2023-06-06-Ouest-France-Montee-R3.jpg?resize=768%2C277&amp;ssl=1 768w, https:\/\/i0.wp.com\/essas-du-volant.fr\/wp-content\/uploads\/2023-06-06-Ouest-France-Montee-R3.jpg?resize=604%2C218&amp;ssl=1 604w\" sizes=\"auto, (max-width: 640px) 100vw, 640px\" \/><\/figure>\n\n\n\n<p>Le club de badminton av\u00e9en a valid\u00e9 une historique mont\u00e9e en r\u00e9gionale. Il va d\u00e9sormais se frotter aux cadors bretons de la discipline. Pour l\u2019heure et en attendant de conna\u00eetre le groupe dans lequel il va \u00e9voluer, le club se structure. <q>&nbsp;On va mettre en place une pr\u00e9paration physique et ordonner les entra\u00eenements. Cette ann\u00e9e, la r\u00e9serve a termin\u00e9 sur le podium en D4, et, pour la saison prochaine, on va engager une troisi\u00e8me \u00e9quipe seniors. On s\u2019interroge sur une \u00e9quipe v\u00e9t\u00e9rans&nbsp;\u00bb,<\/q> \u200b\u00e9num\u00e8re Michel Fleury, le pr\u00e9sident du club de badminton, Essa\u2019s du volant.<\/p>\n\n\n\n<p>Davantage d\u2019\u00e9quipes signifie aussi plus de joueurs et plus d\u2019acc\u00e8s aux salles. <q>&nbsp;On a eu une r\u00e9union avec la mairie. Comme d\u2019habitude, cela s\u2019est bien pass\u00e9, m\u00eame si on est de plus en plus nombreux et qu\u2019il n\u2019y a que peu de salles.&nbsp;<\/q> \u200bLa cr\u00e9ation du futur p\u00f4le raquette \u00e0 Kerozer devrait d\u00e9tendre un peu les tensions sur la r\u00e9servation des salles.<\/p>\n\n\n\n<p>L\u2019Essa\u2019s du volant a chang\u00e9 de logo. Il sera valid\u00e9 lors de l\u2019assembl\u00e9e g\u00e9n\u00e9rale du 16&nbsp;juin.<\/p>\n\n\n\n<p>Le club av\u00e9en invite les joueurs et clubs de la r\u00e9gion \u00e0 son tournoi annuel, le Scrat Tour, qui se d\u00e9roulera les 24 et 25&nbsp;juin prochains, salles Jo-Le Dr\u00e9vo et Pierre-Le Nouail.<\/p>\n\n\n\n<p><strong>Contact&nbsp;: <\/strong>badsaintave@gmail.com<\/p>\n","protected":false},"excerpt":{"rendered":"<p>Le club de badminton av\u00e9en a valid\u00e9 une historique mont\u00e9e en r\u00e9gionale. Il va d\u00e9sormais se frotter aux cadors bretons de la discipline. Pour l\u2019heure et en attendant de conna\u00eetre le groupe dans lequel il va \u00e9voluer, le club se structure. &nbsp;On va mettre en place une pr\u00e9paration physique et ordonner les entra\u00eenements. Cette ann\u00e9e, la r\u00e9serve a termin\u00e9 sur le podium en D4, et, pour la saison prochaine, on va engager une troisi\u00e8me \u00e9quipe seniors. On s\u2019interroge sur une&#8230;<\/p>\n<p class=\"read-more\"><a class=\"btn btn-default\" href=\"https:\/\/essas-du-volant.fr\/index.php\/2023\/06\/06\/ouest-france-du-06-juin-2023-saint-ave-la-montee-en-regionale-pour-lessas-du-volant\/\"> Read More<span class=\"screen-reader-text\">  Read More<\/span><\/a><\/p>\n","protected":false},"author":3,"featured_media":9155,"comment_status":"open","ping_status":"open","sticky":false,"template":"","format":"standard","meta":{"jetpack_post_was_ever_published":false,"_jetpack_newsletter_access":"","_jetpack_dont_email_post_to_subs":false,"_jetpack_newsletter_tier_id":0,"_jetpack_memberships_contains_paywalled_content":false,"_jetpack_memberships_contains_paid_content":false,"footnotes":"","jetpack_publicize_message":"","jetpack_publicize_feature_enabled":false,"jetpack_social_post_already_shared":false,"jetpack_social_options":{"image_generator_settings":{"template":"highway","default_image_id":0,"font":"","enabled":false},"version":2}},"categories":[2,3,30,5,12],"tags":[],"class_list":["post-9154","post","type-post","status-publish","format-standard","has-post-thumbnail","hentry","category-actus","category-adultes","category-d1","category-interclubs56","category-revue-de-presse"],"jetpack_publicize_connections":[],"jetpack_featured_media_url":"https:\/\/i0.wp.com\/essas-du-volant.fr\/wp-content\/uploads\/2023-06-06-Ouest-France-Montee-R3.jpg?fit=1260%2C455&ssl=1","jetpack_sharing_enabled":true,"jetpack_likes_enabled":true,"_links":{"self":[{"href":"https:\/\/essas-du-volant.fr\/index.php\/wp-json\/wp\/v2\/posts\/9154","targetHints":{"allow":["GET"]}}],"collection":[{"href":"https:\/\/essas-du-volant.fr\/index.php\/wp-json\/wp\/v2\/posts"}],"about":[{"href":"https:\/\/essas-du-volant.fr\/index.php\/wp-json\/wp\/v2\/types\/post"}],"author":[{"embeddable":true,"href":"https:\/\/essas-du-volant.fr\/index.php\/wp-json\/wp\/v2\/users\/3"}],"replies":[{"embeddable":true,"href":"https:\/\/essas-du-volant.fr\/index.php\/wp-json\/wp\/v2\/comments?post=9154"}],"version-history":[{"count":1,"href":"https:\/\/essas-du-volant.fr\/index.php\/wp-json\/wp\/v2\/posts\/9154\/revisions"}],"predecessor-version":[{"id":9156,"href":"https:\/\/essas-du-volant.fr\/index.php\/wp-json\/wp\/v2\/posts\/9154\/revisions\/9156"}],"wp:featuredmedia":[{"embeddable":true,"href":"https:\/\/essas-du-volant.fr\/index.php\/wp-json\/wp\/v2\/media\/9155"}],"wp:attachment":[{"href":"https:\/\/essas-du-volant.fr\/index.php\/wp-json\/wp\/v2\/media?parent=9154"}],"wp:term":[{"taxonomy":"category","embeddable":true,"href":"https:\/\/essas-du-volant.fr\/index.php\/wp-json\/wp\/v2\/categories?post=9154"},{"taxonomy":"post_tag","embeddable":true,"href":"https:\/\/essas-du-volant.fr\/index.php\/wp-json\/wp\/v2\/tags?post=9154"}],"curies":[{"name":"wp","href":"https:\/\/api.w.org\/{rel}","templated":true}]}}